{"id":168408,"date":"2025-11-28T16:21:20","date_gmt":"2025-11-28T16:21:20","guid":{"rendered":"https:\/\/www.europesays.com\/pt\/168408\/"},"modified":"2025-11-28T16:21:20","modified_gmt":"2025-11-28T16:21:20","slug":"saude-do-homem-hospital-municipal-reforca-prevencao","status":"publish","type":"post","link":"https:\/\/www.europesays.com\/pt\/168408\/","title":{"rendered":"Sa\u00fade do homem: Hospital Municipal refor\u00e7a preven\u00e7\u00e3o"},"content":{"rendered":"<p>&#13;<br \/>\n                        <b>Nei Jos\u00e9 Sant&#8217;Anna<\/b><br \/>&#13;<br \/>\n                Sa\u00fade&#13;\n            <\/p>\n<p>No m\u00eas voltado \u00e0 sa\u00fade do homem e \u00e0 conscientiza\u00e7\u00e3o sobre o c\u00e2ncer de pr\u00f3stata, o Hospital Municipal Dr. Jos\u00e9 de Carvalho Florence, unidade da Prefeitura de S\u00e3o Jos\u00e9 dos Campos gerenciada pela SPDM (Associa\u00e7\u00e3o Paulista para o Desenvolvimento da Medicina), refor\u00e7a que a import\u00e2ncia da preven\u00e7\u00e3o, do cuidado e da busca por informa\u00e7\u00e3o qualificada devem ser cont\u00ednuos.\u00a0<\/p>\n<p>Refer\u00eancia em atendimento pelo SUS em S\u00e3o Jos\u00e9 dos Campos, o HM mant\u00e9m uma estrutura completa para assist\u00eancia urol\u00f3gica, aliando profissionais experientes, forma\u00e7\u00e3o de novos especialistas e um fluxo de atendimento integrado com toda a rede municipal de sa\u00fade.<\/p>\n<p>A equipe de urologia do Hospital Municipal \u00e9 composta por seis m\u00e9dicos especialistas, que atuam no ambulat\u00f3rio da unidade, al\u00e9m de tr\u00eas residentes e tr\u00eas estagi\u00e1rios. A coordena\u00e7\u00e3o \u00e9 do urologista Dr. Wanderley Fernandes, que soma mais de 20 anos de atua\u00e7\u00e3o na institui\u00e7\u00e3o.<\/p>\n<p>O acesso ao ambulat\u00f3rio ocorre por meio de encaminhamento pela Secretaria Municipal de Sa\u00fade, garantindo que os pacientes sejam direcionados de forma organizada.<\/p>\n<p>Entre os casos acompanhados pela equipe est\u00e3o avalia\u00e7\u00f5es cir\u00fargicas, c\u00e1lculo renal, hiperplasias, cistos, tumores benignos, vasectomias, entre outros, al\u00e9m de emerg\u00eancias urol\u00f3gicas que exigem interven\u00e7\u00e3o imediata. J\u00e1 os casos oncol\u00f3gicos s\u00e3o encaminhados ao Hospital Pio 12, refer\u00eancia no tratamento de c\u00e2ncer pelo SUS.\u00a0<\/p>\n<p>A demanda do servi\u00e7o demonstra sua relev\u00e2ncia, com cerca de 60 consultas semanais, 40 cirurgias eletivas por m\u00eas, 60 vasectomias mensais, 30 exames urol\u00f3gicos realizados mensalmente, al\u00e9m de cirurgias urol\u00f3gicas de urg\u00eancia e emerg\u00eancias.<\/p>\n<p>Preven\u00e7\u00e3o<\/p>\n<p>O urologista e coordenador do servi\u00e7o, Dr. Wanderley Fernandes, destaca que o m\u00eas de conscientiza\u00e7\u00e3o \u00e9 uma oportunidade para refor\u00e7ar a import\u00e2ncia do cuidado preventivo, mas a aten\u00e7\u00e3o \u00e0 sa\u00fade do homem deve ser cont\u00ednua. Segundo ele, o c\u00e2ncer de pr\u00f3stata \u00e9 o segundo mais letal entre os homens, e a detec\u00e7\u00e3o precoce \u00e9 fundamental para aumentar as chances de cura.<\/p>\n<p>\u201cAo menos uma vez por ano, o homem precisa realizar um check-up que inclui o exame de PSA e o toque retal. \u00c9 preciso desconstruir tabus e colocar a sa\u00fade em primeiro lugar. Quanto mais cedo identificamos altera\u00e7\u00f5es, maiores s\u00e3o as possibilidades de tratamento eficaz\u201d, ressalta o m\u00e9dico.<\/p>\n<p>Wanderley destaca que alguns grupos precisam iniciar o acompanhamento mais cedo, como homens com hist\u00f3rico familiar de c\u00e2ncer de pr\u00f3stata, especialmente parentes de primeiro grau, e pacientes afrodescendentes, que devem come\u00e7ar a investiga\u00e7\u00e3o combinada a partir dos 40 anos devido a fatores gen\u00e9ticos. Para a popula\u00e7\u00e3o geral, a recomenda\u00e7\u00e3o varia entre 45 e 50 anos.<\/p>\n<p>O urologista explica que as consultas n\u00e3o se limitam \u00e0 avalia\u00e7\u00e3o da pr\u00f3stata, mas abrangem uma an\u00e1lise completa da sa\u00fade masculina, incluindo poss\u00edveis altera\u00e7\u00f5es hormonais e outras patologias que impactam a qualidade de vida.<\/p>\n<p>Cuidado cont\u00ednuo<\/p>\n<p>O Hospital Municipal destaca que a preven\u00e7\u00e3o \u00e9 o caminho mais seguro para reduzir complica\u00e7\u00f5es e garantir diagn\u00f3sticos mais precisos. A orienta\u00e7\u00e3o \u00e9 buscar atendimento regularmente, sem esperar sintomas, e manter h\u00e1bitos de vida saud\u00e1veis aliados ao acompanhamento m\u00e9dico.<\/p>\n<p>&#13;<br \/>\n                    <strong>MAIS NOT\u00cdCIAS<\/strong><br \/>&#13;<br \/>\n                    <a href=\"https:\/\/www.sjc.sp.gov.br\/noticias\/?tema=13\" rel=\"nofollow noopener\" target=\"_blank\">Sa\u00fade<\/a>&#13;\n                <\/p>\n","protected":false},"excerpt":{"rendered":"&#13; Nei Jos\u00e9 Sant&#8217;Anna&#13; Sa\u00fade&#13; No m\u00eas voltado \u00e0 sa\u00fade do homem e \u00e0 conscientiza\u00e7\u00e3o sobre o c\u00e2ncer&hellip;\n","protected":false},"author":2,"featured_media":168409,"comment_status":"","ping_status":"","sticky":false,"template":"","format":"standard","meta":{"footnotes":""},"categories":[86],"tags":[1300,116,3048,32,3046,33,3049,117,3047],"class_list":{"0":"post-168408","1":"post","2":"type-post","3":"status-publish","4":"format-standard","5":"has-post-thumbnail","7":"category-saude","8":"tag-cidade","9":"tag-health","10":"tag-online","11":"tag-portugal","12":"tag-prefeitura","13":"tag-pt","14":"tag-so-jos-dos-campos","15":"tag-saude","16":"tag-servios"},"share_on_mastodon":{"url":"https:\/\/pubeurope.com\/@pt\/115628243891808056","error":""},"_links":{"self":[{"href":"https:\/\/www.europesays.com\/pt\/wp-json\/wp\/v2\/posts\/168408","targetHints":{"allow":["GET"]}}],"collection":[{"href":"https:\/\/www.europesays.com\/pt\/wp-json\/wp\/v2\/posts"}],"about":[{"href":"https:\/\/www.europesays.com\/pt\/wp-json\/wp\/v2\/types\/post"}],"author":[{"embeddable":true,"href":"https:\/\/www.europesays.com\/pt\/wp-json\/wp\/v2\/users\/2"}],"replies":[{"embeddable":true,"href":"https:\/\/www.europesays.com\/pt\/wp-json\/wp\/v2\/comments?post=168408"}],"version-history":[{"count":0,"href":"https:\/\/www.europesays.com\/pt\/wp-json\/wp\/v2\/posts\/168408\/revisions"}],"wp:featuredmedia":[{"embeddable":true,"href":"https:\/\/www.europesays.com\/pt\/wp-json\/wp\/v2\/media\/168409"}],"wp:attachment":[{"href":"https:\/\/www.europesays.com\/pt\/wp-json\/wp\/v2\/media?parent=168408"}],"wp:term":[{"taxonomy":"category","embeddable":true,"href":"https:\/\/www.europesays.com\/pt\/wp-json\/wp\/v2\/categories?post=168408"},{"taxonomy":"post_tag","embeddable":true,"href":"https:\/\/www.europesays.com\/pt\/wp-json\/wp\/v2\/tags?post=168408"}],"curies":[{"name":"wp","href":"https:\/\/api.w.org\/{rel}","templated":true}]}}