{"id":168412,"date":"2025-11-28T16:27:24","date_gmt":"2025-11-28T16:27:24","guid":{"rendered":"https:\/\/www.europesays.com\/pt\/168412\/"},"modified":"2025-11-28T16:27:24","modified_gmt":"2025-11-28T16:27:24","slug":"benfica-tem-um-diamante-nas-maos-a-reacao-no-estrangeiro-ao-titulo-dos-sub-17-2","status":"publish","type":"post","link":"https:\/\/www.europesays.com\/pt\/168412\/","title":{"rendered":"\u00abBenfica tem um diamante nas m\u00e3os\u00bb: a rea\u00e7\u00e3o no estrangeiro ao t\u00edtulo dos sub-17"},"content":{"rendered":"<p style=\"margin-bottom:11px\">A imprensa estrangeira coloca An\u00edsio Cabral como a principal figura da <a href=\"https:\/\/maisfutebol.iol.pt\/jogo\/aominuto\/portugalsub\/austriasub\/13831617\" target=\"_blank\" rel=\"nofollow noopener\"><strong>sele\u00e7\u00e3o portuguesa que conquistou o Mundial sub-17<\/strong><\/a>.\u00a0<\/p>\n<p style=\"margin-bottom:11px\">O jovem avan\u00e7ado do Benfica \u00e9 visto em Espanha, por exemplo, como um \u00abdiamante\u00bb que faz por merecer uma \u00aboportunidade\u00bb de Jos\u00e9 Mourinho. J\u00e1 na \u00c1ustria, pa\u00eds derrotado na final, surge o lamento por ter escapado a possibilidade de conquistar o primeiro t\u00edtulo num grande torneio.<\/p>\n<p> <strong>Marca<\/strong> <\/p>\n<p>\u00abA \u00faltima vez que Portugal jogou um Mundial Sub-17, em 2003, Cristiano Ronaldo come\u00e7ava a aparecer. Mais de duas d\u00e9cadas depois, a nova gera\u00e7\u00e3o de &#8220;ouro&#8221; do pa\u00eds deu sequ\u00eancia ao Campeonato Europeu conquistado h\u00e1 alguns meses e foi coroada no Qatar ap\u00f3s vencer a \u00c1ustria, a grande revela\u00e7\u00e3o do torneio, na final (0-1), gra\u00e7as a um \u00fanico golo de An\u00edsio Cabral no primeiro tempo.<\/p>\n<p>A gera\u00e7\u00e3o de 1999, pouco a pouco, perdeu-se ao longo do caminho. Mas, menos de uma d\u00e9cada depois, os portugueses conseguiram produzir uma nova ninhada que, nas costas de Furtado, Quintas, Cunha, Mide ou An\u00edsio, est\u00e1 destinada a dar muito que falar ap\u00f3s vencer o Campeonato Europeu e o Mundial Sub-17.\u00bb<\/p>\n<p> <strong>AS<\/strong> <\/p>\n<p>\u00abPortugal conquista o t\u00edtulo mundial no Qatar com An\u00edsio Cabral. Bota de prata e estrela portuguesa, o Benfica tem um diamante nas m\u00e3os.\u00a0(&#8230;) Cabral vai ser uma estrela.\u00bb<\/p>\n<p> <strong>Mundo Deportivo<\/strong> <\/p>\n<p>\u00abJos\u00e9 Mourinho\u00a0tem uma joia nas reservas do Benfica. Aos 17 anos, An\u00edsio mostrou durante todo o Mundial que a qualquer momento poder\u00e1 dar o salto para a elite. N\u00e3o seria de estranhar se ele come\u00e7asse a aproveitar alguma oportunidade do homem que j\u00e1 foi treinador do Real Madrid.\u00bb<\/p>\n<p> <strong>L&#8217;Equipe<\/strong> <\/p>\n<p>\u00abNum jogo animado, Portugal derrotou a \u00c1ustria (1-0) gra\u00e7as a um golo de An\u00edsio Cabral na final do Mundial Sub-17, na quinta-feira, em Doha. Ap\u00f3s vencer o Euro Sub-17 em junho, o Sele\u00e7\u00e3o est\u00e1 agora no topo do mundo pela primeira vez na sua hist\u00f3ria.\u00bb<\/p>\n<p> <strong>Die Presse<\/strong> <\/p>\n<p>\u00abNo fim, n\u00e3o foi suficiente. A sele\u00e7\u00e3o sub-17 da \u00c1ustria foi derrotada por 1-0 por Portugal na final do Mundial, no Qatar, na noite de quinta-feira. An\u00edsio Cabral (Benfica) marcou o golo da vit\u00f3ria aos 32 minutos. Esta derrota tamb\u00e9m frustrou o sonho da \u00c1ustria de conquistar o seu primeiro t\u00edtulo num grande torneio de futebol nos 120 anos de hist\u00f3ria da Federa\u00e7\u00e3o Austr\u00edaca de Futebol.\u00bb<\/p>\n","protected":false},"excerpt":{"rendered":"A imprensa estrangeira coloca An\u00edsio Cabral como a principal figura da sele\u00e7\u00e3o portuguesa que conquistou o Mundial sub-17.\u00a0&hellip;\n","protected":false},"author":2,"featured_media":168413,"comment_status":"","ping_status":"","sticky":false,"template":"","format":"standard","meta":{"footnotes":""},"categories":[8],"tags":[27,28,15,16,14,25,26,21,22,46,30972,12,13,19,20,32,33239,23,24,33,47,9056,32722,31532,17,18,29,30,31],"class_list":{"0":"post-168412","1":"post","2":"type-post","3":"status-publish","4":"format-standard","5":"has-post-thumbnail","7":"category-principais-noticias","8":"tag-breaking-news","9":"tag-breakingnews","10":"tag-featured-news","11":"tag-featurednews","12":"tag-headlines","13":"tag-latest-news","14":"tag-latestnews","15":"tag-main-news","16":"tag-mainnews","17":"tag-maisfutebol","18":"tag-mundial-sub-17","19":"tag-news","20":"tag-noticias","21":"tag-noticias-principais","22":"tag-noticiasprincipais","23":"tag-portugal","24":"tag-portugal-sub-17","25":"tag-principais-noticias","26":"tag-principaisnoticias","27":"tag-pt","28":"tag-pura-paixao","29":"tag-revista-de-imprensa","30":"tag-selecao-sub-17","31":"tag-sub-17","32":"tag-top-stories","33":"tag-topstories","34":"tag-ultimas","35":"tag-ultimas-noticias","36":"tag-ultimasnoticias"},"share_on_mastodon":{"url":"https:\/\/pubeurope.com\/@pt\/115628267616488357","error":""},"_links":{"self":[{"href":"https:\/\/www.europesays.com\/pt\/wp-json\/wp\/v2\/posts\/168412","targetHints":{"allow":["GET"]}}],"collection":[{"href":"https:\/\/www.europesays.com\/pt\/wp-json\/wp\/v2\/posts"}],"about":[{"href":"https:\/\/www.europesays.com\/pt\/wp-json\/wp\/v2\/types\/post"}],"author":[{"embeddable":true,"href":"https:\/\/www.europesays.com\/pt\/wp-json\/wp\/v2\/users\/2"}],"replies":[{"embeddable":true,"href":"https:\/\/www.europesays.com\/pt\/wp-json\/wp\/v2\/comments?post=168412"}],"version-history":[{"count":0,"href":"https:\/\/www.europesays.com\/pt\/wp-json\/wp\/v2\/posts\/168412\/revisions"}],"wp:featuredmedia":[{"embeddable":true,"href":"https:\/\/www.europesays.com\/pt\/wp-json\/wp\/v2\/media\/168413"}],"wp:attachment":[{"href":"https:\/\/www.europesays.com\/pt\/wp-json\/wp\/v2\/media?parent=168412"}],"wp:term":[{"taxonomy":"category","embeddable":true,"href":"https:\/\/www.europesays.com\/pt\/wp-json\/wp\/v2\/categories?post=168412"},{"taxonomy":"post_tag","embeddable":true,"href":"https:\/\/www.europesays.com\/pt\/wp-json\/wp\/v2\/tags?post=168412"}],"curies":[{"name":"wp","href":"https:\/\/api.w.org\/{rel}","templated":true}]}}