{"id":168414,"date":"2025-11-28T16:28:10","date_gmt":"2025-11-28T16:28:10","guid":{"rendered":"https:\/\/www.europesays.com\/pt\/168414\/"},"modified":"2025-11-28T16:28:10","modified_gmt":"2025-11-28T16:28:10","slug":"simone-mendes-provoca-debate-ao-dizer-que-odeia-calcinha-veja-os-impactos-para-a-saude-intima","status":"publish","type":"post","link":"https:\/\/www.europesays.com\/pt\/168414\/","title":{"rendered":"Simone Mendes provoca debate ao dizer que &#8216;odeia calcinha&#8217;; veja os impactos para a sa\u00fade \u00edntima"},"content":{"rendered":"\n<p class=\" content-text__container theme-color-primary-first-letter\" data-track-category=\"Link no Texto\" data-track-links=\"\"> <strong>Simone Mendes <\/strong>protagonizou um dos momentos mais descontra\u00eddos do &#8220;Ang\u00e9lica Ao Vivo&#8221; ao revelar, com bom humor, que &#8220;odeia calcinha&#8221;. Durante a participa\u00e7\u00e3o, ao lado de Ang\u00e9lica e Ana Maria Braga, a cantora sertaneja fez um desabafo divertido, afirmando que a pe\u00e7a \u00edntima &#8220;\u00e9 sem futuro&#8221; e causa inc\u00f4modo, e exaltou a sensa\u00e7\u00e3o de liberdade proporcionada por um pijama folgado. <\/p>\n<ul class=\"content-unordered-list\">\n<li><a class=\"\" href=\"https:\/\/oglobo.globo.com\/ela\/noticia\/2025\/11\/28\/simone-mendes-fala-sobre-a-infancia-dificil-e-o-enterro-do-pai-como-indigente-e-ruim-lembrar.ghtml\" rel=\"nofollow noopener\" target=\"_blank\"><strong>Simone Mendes fala sobre a inf\u00e2ncia dif\u00edcil e o enterro do pai como indigente<\/strong><\/a><strong>: &#8216;\u00c9 ruim lembrar&#8217;<\/strong><\/li>\n<li><a class=\"\" href=\"https:\/\/oglobo.globo.com\/ela\/noticia\/2025\/11\/28\/viraliza-fala-de-luiza-possi-sobre-sexualidade-apos-polemica-envolvendo-maria-gadu-ja-fui-bissexual-nao-sou-mais.ghtml\" rel=\"nofollow noopener\" target=\"_blank\"><strong>Viraliza fala de Luiza Possi sobre sexualidade ap\u00f3s pol\u00eamica envolvendo Maria Gad\u00fa<\/strong><\/a><strong>: &#8216;J\u00e1 fui bissexual, n\u00e3o sou mais&#8217;<\/strong><\/li>\n<\/ul>\n<p class=\" content-text__container \" data-track-category=\"Link no Texto\" data-track-links=\"\"> Em conversa com as apresentadoras, Simone explicou a raz\u00e3o de sua implic\u00e2ncia com a lingerie, arrancando risadas ao detalhar o desconforto. &#8220;Ana, eu odeio calcinha. \u00c9 muito sem futuro. Calcinha s\u00f3 d\u00e1 trabalho&#8221;, disparou. Em tom de brincadeira, ela comentou sobre os diferentes estilos de calcinha: &#8220;Tem os que gostam de calcinha pequena e os que gostam de ca\u00e7al\u00e3o. Quando eu usava, era do ca\u00e7al\u00e3o&#8221;. A cantora ainda criticou a sensa\u00e7\u00e3o de ajuste constante, se referindo \u00e0 pe\u00e7a &#8220;no rabo&#8221; e lembrando como passava o dia tentando acomod\u00e1-la corretamente. <\/p>\n<p class=\" content-text__container \" data-track-category=\"Link no Texto\" data-track-links=\"\"> O desabafo seguiu de maneira leve e bem-humorada, com Simone enfatizando que a calcinha &#8220;abafa nossas coisinhas&#8221;, provocando concord\u00e2ncia imediata de Ang\u00e9lica e Ana Maria. Para a artista, n\u00e3o h\u00e1 sensa\u00e7\u00e3o melhor do que chegar em casa e vestir &#8220;aquele pijama folgado&#8221;, momento que representa, segundo ela, pura liberdade. O trecho rapidamente viralizou nas redes sociais. <\/p>\n<p class=\" content-text__container \" data-track-category=\"Link no Texto\" data-track-links=\"\"> O coment\u00e1rio da cantora tamb\u00e9m levantou uma quest\u00e3o pr\u00e1tica que muitas mulheres t\u00eam: ficar sem calcinha faz mal para a sa\u00fade \u00edntima? Simone, com bom humor, ressaltou que prefere a sensa\u00e7\u00e3o de liberdade, afirmando que a pe\u00e7a &#8220;s\u00f3 d\u00e1 trabalho&#8221;. Para entender melhor os impactos dessa escolha, o ginecologista e obstetra <strong>Cesar Patez <\/strong>esclarece que a resposta depende do organismo, do contexto e at\u00e9 do tipo de roupa utilizada. <\/p>\n<p class=\" content-text__container \" data-track-category=\"Link no Texto\" data-track-links=\"\"> <strong>Quando ficar sem calcinha pode ser positivo<\/strong> <\/p>\n<p class=\" content-text__container \" data-track-category=\"Link no Texto\" data-track-links=\"\"> Segundo Dr. Cesar, permitir que a regi\u00e3o \u00edntima respire em determinados momentos pode trazer benef\u00edcios. &#8220;A ventila\u00e7\u00e3o diminui a umidade e reduz o risco de prolifera\u00e7\u00e3o de fungos e bact\u00e9rias&#8221;, afirma. Dias quentes, atividades f\u00edsicas e o sono s\u00e3o exemplos de situa\u00e7\u00f5es em que o corpo pode se sentir mais confort\u00e1vel sem a lingerie. Pe\u00e7as apertadas e tecidos sint\u00e9ticos podem criar um ambiente prop\u00edcio para irrita\u00e7\u00f5es ou infec\u00e7\u00f5es, como candid\u00edase, tornando o descanso da lingerie uma op\u00e7\u00e3o interessante. <\/p>\n<p class=\" content-text__container \" data-track-category=\"Link no Texto\" data-track-links=\"\"> No entanto, a pr\u00e1tica n\u00e3o \u00e9 indicada para todas as situa\u00e7\u00f5es. &#8220;A calcinha tamb\u00e9m protege a vulva do atrito direto com roupas externas, costuras, jeans e superf\u00edcies que podem causar microles\u00f5es&#8221;, explica o especialista. Sem essa barreira, aumenta-se o risco de irrita\u00e7\u00f5es. Mulheres com hist\u00f3rico de infec\u00e7\u00f5es, alergias ou dermatites precisam observar atentamente as rea\u00e7\u00f5es do corpo. Ard\u00eancia, coceira ou secre\u00e7\u00e3o fora do normal s\u00e3o sinais de que o h\u00e1bito deve ser repensado ou adotado apenas em momentos espec\u00edficos. <\/p>\n<p class=\" content-text__container \" data-track-category=\"Link no Texto\" data-track-links=\"\"> Simone n\u00e3o \u00e9 a \u00fanica a optar pelo conforto. O tema tem ganhado espa\u00e7o nas redes sociais, especialmente entre mulheres que buscam mais praticidade e bem-estar no dia a dia. Para muitas celebridades, abrir m\u00e3o da lingerie faz parte de um movimento de autocuidado e autonomia sobre o pr\u00f3prio corpo, evidenciando que escolhas pessoais podem se alinhar com conforto e sa\u00fade. <\/p>\n<p class=\" content-text__container \" data-track-category=\"Link no Texto\" data-track-links=\"\"> Dr. Cesar refor\u00e7a que &#8220;ficar sem calcinha n\u00e3o \u00e9 automaticamente prejudicial. Pode ser tranquilo quando h\u00e1 boa higiene, roupas adequadas e aten\u00e7\u00e3o aos sinais do corpo&#8221;. A recomenda\u00e7\u00e3o \u00e9 alternar: permitir que a regi\u00e3o respire em momentos oportunos e utilizar pe\u00e7as leves e de algod\u00e3o no dia a dia. <\/p>\n<p class=\" content-text__container \" data-track-category=\"Link no Texto\" data-track-links=\"\"> Afinal, a sa\u00fade \u00edntima n\u00e3o tem f\u00f3rmula \u00fanica. Existe conforto, cuidado e liberdade de escolha. Como demonstrou Simone, cada mulher sabe exatamente quando a calcinha aperta ou quando \u00e9 hora de abrir m\u00e3o dela. <\/p>\n","protected":false},"excerpt":{"rendered":"Simone Mendes protagonizou um dos momentos mais descontra\u00eddos do &#8220;Ang\u00e9lica Ao Vivo&#8221; ao revelar, com bom humor, que&hellip;\n","protected":false},"author":2,"featured_media":168415,"comment_status":"","ping_status":"","sticky":false,"template":"","format":"standard","meta":{"footnotes":""},"categories":[145],"tags":[211,210,114,115,319,32,33,318],"class_list":{"0":"post-168414","1":"post","2":"type-post","3":"status-publish","4":"format-standard","5":"has-post-thumbnail","7":"category-celebridades","8":"tag-celebridades","9":"tag-celebrities","10":"tag-entertainment","11":"tag-entretenimento","12":"tag-hard-news","13":"tag-portugal","14":"tag-pt","15":"tag-radar"},"share_on_mastodon":{"url":"https:\/\/pubeurope.com\/@pt\/115628271359019089","error":""},"_links":{"self":[{"href":"https:\/\/www.europesays.com\/pt\/wp-json\/wp\/v2\/posts\/168414","targetHints":{"allow":["GET"]}}],"collection":[{"href":"https:\/\/www.europesays.com\/pt\/wp-json\/wp\/v2\/posts"}],"about":[{"href":"https:\/\/www.europesays.com\/pt\/wp-json\/wp\/v2\/types\/post"}],"author":[{"embeddable":true,"href":"https:\/\/www.europesays.com\/pt\/wp-json\/wp\/v2\/users\/2"}],"replies":[{"embeddable":true,"href":"https:\/\/www.europesays.com\/pt\/wp-json\/wp\/v2\/comments?post=168414"}],"version-history":[{"count":0,"href":"https:\/\/www.europesays.com\/pt\/wp-json\/wp\/v2\/posts\/168414\/revisions"}],"wp:featuredmedia":[{"embeddable":true,"href":"https:\/\/www.europesays.com\/pt\/wp-json\/wp\/v2\/media\/168415"}],"wp:attachment":[{"href":"https:\/\/www.europesays.com\/pt\/wp-json\/wp\/v2\/media?parent=168414"}],"wp:term":[{"taxonomy":"category","embeddable":true,"href":"https:\/\/www.europesays.com\/pt\/wp-json\/wp\/v2\/categories?post=168414"},{"taxonomy":"post_tag","embeddable":true,"href":"https:\/\/www.europesays.com\/pt\/wp-json\/wp\/v2\/tags?post=168414"}],"curies":[{"name":"wp","href":"https:\/\/api.w.org\/{rel}","templated":true}]}}