{"id":168425,"date":"2025-11-28T16:41:10","date_gmt":"2025-11-28T16:41:10","guid":{"rendered":"https:\/\/www.europesays.com\/pt\/168425\/"},"modified":"2025-11-28T16:41:10","modified_gmt":"2025-11-28T16:41:10","slug":"um-em-cada-dois-emprestimos-a-habitacao-de-jovens-teve-garantia-publica-em-outubro-habitacao","status":"publish","type":"post","link":"https:\/\/www.europesays.com\/pt\/168425\/","title":{"rendered":"Um em cada dois empr\u00e9stimos \u00e0 habita\u00e7\u00e3o de jovens teve garantia p\u00fablica em Outubro | Habita\u00e7\u00e3o"},"content":{"rendered":"<p>A garantia p\u00fablica, medida criada pelo Governo para apoiar jovens na aquisi\u00e7\u00e3o de habita\u00e7\u00e3o pr\u00f3pria, continua a ser muito procurada pelos jovens. Em Outubro, cerca de um em cada dois empr\u00e9stimos \u00e0 habita\u00e7\u00e3o de jovens at\u00e9 aos 35 anos teve garantia do Estado. Mais concretamente, 47,9% dos contratos e 50,0% do montante contratado por jovens foram ao abrigo deste regime que permite aceder a 100% do cr\u00e9dito para a aquisi\u00e7\u00e3o do im\u00f3vel.<\/p>\n<p>Os dados divulgados pelo Banco de Portugal, esta sexta-feira, mostram, na pr\u00e1tica, que os jovens com acesso \u00e0 garantia p\u00fablica conseguem pedir mais cr\u00e9dito que os restantes, embora a diferen\u00e7a n\u00e3o seja muito significativa.<\/p>\n<p>O montante de cr\u00e9dito concedido ao abrigo deste regime, em que o Estado fica fiador entre 10% e 15% do montante emprestado pelas institui\u00e7\u00f5es financeiras, ascendeu a 538 milh\u00f5es de euros, mais 8% que no <a href=\"https:\/\/www.publico.pt\/2025\/10\/29\/economia\/noticia\/credito-habitacao-garantia-publica-atinge-maximo-setembro-2152562#\" target=\"_blank\" rel=\"nofollow noopener\">m\u00eas <\/a><a href=\"https:\/\/www.publico.pt\/2025\/10\/29\/economia\/noticia\/credito-habitacao-garantia-publica-atinge-maximo-setembro-2152562#\" target=\"_blank\" rel=\"nofollow noopener\">anterior<\/a>. O n\u00famero de contratos, num total de 2600, subiu 7,8%.<\/p>\n<p>No final de Outubro, estavam utilizados 46,5% (551 milh\u00f5es de euros) do montante total atribu\u00eddo pelo Estado para garantia no \u00e2mbito deste regime, avan\u00e7a o BdP. O que, a manter-se este ritmo, permite alavancar este regime durante boa parte do pr\u00f3ximo ano. Contudo, o ritmo de execu\u00e7\u00e3o dos diferentes plafonds atribu\u00eddos a cada institui\u00e7\u00e3o pode variar.<\/p>\n<p>Desde o arranque da medida, no in\u00edcio do ano, foram celebrados 20,4 mil contratos de cr\u00e9dito \u00e0 habita\u00e7\u00e3o pr\u00f3pria e permanente ao abrigo do regime de garantia do Estado, num total de quatro mil milh\u00f5es de euros. Estes contratos corresponderam a 41,4% do n\u00famero de contratos e 43,6% do montante contratado, no mesmo per\u00edodo, por jovens at\u00e9 aos 35 anos.<\/p>\n<p>Considerando o universo total de cr\u00e9dito concedido para aquisi\u00e7\u00e3o de habita\u00e7\u00e3o pr\u00f3pria e permanente at\u00e9 final de Outubro (e n\u00e3o apenas a jovens), os contratos com garantia p\u00fablica representaram 22,8% do n\u00famero total de contratos e 25,9% do montante de cr\u00e9dito concedido.<\/p>\n<p>Os empr\u00e9stimos concedidos com fian\u00e7a do Estado continuam a evidenciar uma forte dispers\u00e3o geogr\u00e1fica, embora a entidade liderada por \u00c1lvaro Santos Pereira n\u00e3o divulgue os n\u00fameros absolutos dessa dispers\u00e3o, revelando apenas o seu peso relativo no cr\u00e9dito a jovens.<\/p>\n<p>Assim, de acordo com o BdP, as regi\u00f5es do Alentejo, Beira Baixa, Lez\u00edria do Tejo, Terras de Tr\u00e1s-os-Montes e Beiras e Serra da Estrela, registaram mais de metade dos contratos de cr\u00e9dito \u00e0 habita\u00e7\u00e3o pr\u00f3pria e permanente celebrados por jovens entre Janeiro e Outubro com garantia do Estado. Esse peso j\u00e1 foi mais reduzido na Grande Lisboa e na Regi\u00e3o Aut\u00f3noma da Madeira, representando, nestas \u00e1reas, cerca de um ter\u00e7o do total.<\/p>\n<p>O <a href=\"http:\/\/publico.pt\/2025\/11\/25\/economia\/noticia\/avaliacao-casas-subiu-304-euros-metro-quadrado-ano-superando-dois-mil-euros-2155927?ref=pesquisa&amp;cx=page__content\" target=\"_blank\" rel=\"nofollow noopener\">elevado<\/a> custo dos im\u00f3veis nos grandes centros poder\u00e1 ajudar a explicar a compra de habita\u00e7\u00e3o por jovens fora dos grandes centros urbanos.<\/p>\n<p>Bem mais favor\u00e1vel tem sido a evolu\u00e7\u00e3o das taxas de juro, que no caso da <a href=\"http:\/\/publico.pt\/2025\/11\/27\/economia\/noticia\/22-meses-descer-prestacao-casa-euribor-seis-meses-ja-sobe-2156304?ref=economia&amp;cx=page__content\" target=\"_blank\" rel=\"nofollow noopener\">Euribor se t\u00eam mantido pr\u00f3ximas dos 2%<\/a>, ligeiramente mais alta no caso do prazo de 12 meses (2,2%), patamar que tamb\u00e9m influencia as taxas mistas (com um per\u00edodo inicial fixo e o restante vari\u00e1vel), regime que tem utilizado nos empr\u00e9stimos mais recentes.<\/p>\n","protected":false},"excerpt":{"rendered":"A garantia p\u00fablica, medida criada pelo Governo para apoiar jovens na aquisi\u00e7\u00e3o de habita\u00e7\u00e3o pr\u00f3pria, continua a ser&hellip;\n","protected":false},"author":2,"featured_media":168426,"comment_status":"","ping_status":"","sticky":false,"template":"","format":"standard","meta":{"footnotes":""},"categories":[8],"tags":[475,474,27,28,2395,476,15,16,456,14,1228,3176,25,26,21,22,12,13,19,20,32,23,24,33,17,18,29,30,31],"class_list":{"0":"post-168425","1":"post","2":"type-post","3":"status-publish","4":"format-standard","5":"has-post-thumbnail","7":"category-principais-noticias","8":"tag-banca","9":"tag-banco-de-portugal","10":"tag-breaking-news","11":"tag-breakingnews","12":"tag-credito","13":"tag-economia","14":"tag-featured-news","15":"tag-featurednews","16":"tag-habitacao","17":"tag-headlines","18":"tag-imobiliario","19":"tag-jovens","20":"tag-latest-news","21":"tag-latestnews","22":"tag-main-news","23":"tag-mainnews","24":"tag-news","25":"tag-noticias","26":"tag-noticias-principais","27":"tag-noticiasprincipais","28":"tag-portugal","29":"tag-principais-noticias","30":"tag-principaisnoticias","31":"tag-pt","32":"tag-top-stories","33":"tag-topstories","34":"tag-ultimas","35":"tag-ultimas-noticias","36":"tag-ultimasnoticias"},"share_on_mastodon":{"url":"https:\/\/pubeurope.com\/@pt\/115628322635696917","error":""},"_links":{"self":[{"href":"https:\/\/www.europesays.com\/pt\/wp-json\/wp\/v2\/posts\/168425","targetHints":{"allow":["GET"]}}],"collection":[{"href":"https:\/\/www.europesays.com\/pt\/wp-json\/wp\/v2\/posts"}],"about":[{"href":"https:\/\/www.europesays.com\/pt\/wp-json\/wp\/v2\/types\/post"}],"author":[{"embeddable":true,"href":"https:\/\/www.europesays.com\/pt\/wp-json\/wp\/v2\/users\/2"}],"replies":[{"embeddable":true,"href":"https:\/\/www.europesays.com\/pt\/wp-json\/wp\/v2\/comments?post=168425"}],"version-history":[{"count":0,"href":"https:\/\/www.europesays.com\/pt\/wp-json\/wp\/v2\/posts\/168425\/revisions"}],"wp:featuredmedia":[{"embeddable":true,"href":"https:\/\/www.europesays.com\/pt\/wp-json\/wp\/v2\/media\/168426"}],"wp:attachment":[{"href":"https:\/\/www.europesays.com\/pt\/wp-json\/wp\/v2\/media?parent=168425"}],"wp:term":[{"taxonomy":"category","embeddable":true,"href":"https:\/\/www.europesays.com\/pt\/wp-json\/wp\/v2\/categories?post=168425"},{"taxonomy":"post_tag","embeddable":true,"href":"https:\/\/www.europesays.com\/pt\/wp-json\/wp\/v2\/tags?post=168425"}],"curies":[{"name":"wp","href":"https:\/\/api.w.org\/{rel}","templated":true}]}}