{"id":168452,"date":"2025-11-28T17:14:15","date_gmt":"2025-11-28T17:14:15","guid":{"rendered":"https:\/\/www.europesays.com\/pt\/168452\/"},"modified":"2025-11-28T17:14:15","modified_gmt":"2025-11-28T17:14:15","slug":"jato-polar-trara-chuva-mas-dezembro-comeca-mais-ameno-do-que-o-habitual","status":"publish","type":"post","link":"https:\/\/www.europesays.com\/pt\/168452\/","title":{"rendered":"Jato polar trar\u00e1 chuva, mas dezembro come\u00e7a mais ameno do que o habitual"},"content":{"rendered":"<p>Depois de um per\u00edodo marcado por tempo seco e soalheiro, o estado do tempo em Portugal continental dever\u00e1 alterar-se nos pr\u00f3ximos dias devido \u00e0 aproxima\u00e7\u00e3o de ondula\u00e7\u00f5es do jato polar.<\/p>\n<p>A previs\u00e3o \u00e9 avan\u00e7ada pela Meteored Portugal (<a href=\"https:\/\/www.tempo.pt\/noticias\/previsao\/os-modelos-europeu-e-gfs-insistem-o-jato-polar-continuara-curvado-por-mais-10-dias-e-atravessara-portugal.html#google_vignette\" rel=\"nofollow noopener\" target=\"_blank\">tempo.pt<\/a>), que revela que as ondula\u00e7\u00f5es podem conduzir \u00e0 passagem de v\u00e1rias frentes atl\u00e2nticas at\u00e9 8 de dezembro.<\/p>\n<p>Segundo a Meteored, as proje\u00e7\u00f5es do modelo europeu (ECMWF) e do modelo americano (GFS) apontam para um cen\u00e1rio de maior instabilidade atmosf\u00e9rica, ainda que de curta dura\u00e7\u00e3o. J\u00e1 o padr\u00e3o NAO+, caracterizado por um jato polar mais forte e deslocado para norte, n\u00e3o exclui por completo a ocorr\u00eancia de precipita\u00e7\u00e3o no pa\u00eds.<\/p>\n<p>&#8220;Apesar da &#8216;entrada em cena&#8217; de um padr\u00e3o cl\u00e1ssico de NAO+, em que o jato polar est\u00e1 mais forte e deslocado para norte, fazendo com que as depress\u00f5es circulem nas latitudes altas, isso n\u00e3o significa que o jato polar deixar\u00e1 de registar algumas ondula\u00e7\u00f5es, pelo que n\u00e3o estar\u00e1 propriamente sem chover durante muito tempo em Portugal&#8221;, explicou Alfredo Gra\u00e7a, ge\u00f3grafo e meteorologista.<\/p>\n<p>A aproxima\u00e7\u00e3o de vales depression\u00e1rios e depress\u00f5es atl\u00e2nticas dever\u00e1 provocar per\u00edodos de chuva, sobretudo no Noroeste, estendendo-se ao Norte e Centro. As frentes, no entanto, dever\u00e3o surgir de forma intermitente e n\u00e3o configurar\u00e3o epis\u00f3dios prolongados de instabilidade.<\/p>\n<p>&#8220;Estas ondula\u00e7\u00f5es do jato polar ir\u00e3o atravessar a nossa geografia, mas ser\u00e3o situa\u00e7\u00f5es tempor\u00e1rias. Com um fluxo atl\u00e2ntico t\u00e3o forte, \u00e9 pouco prov\u00e1vel que a curto e m\u00e9dio prazo se produza uma grande entrada de ar frio, pelo que tampouco dever\u00e1 verificar-se queda de neve abundante&#8221;, indicou o meteorologista.<\/p>\n<p>                                                    Dezembro come\u00e7a mais ameno do que o habitual<\/p>\n<p>Apesar das oscila\u00e7\u00f5es t\u00e9rmicas esperadas durante a passagem das frentes, as temperaturas dever\u00e3o manter-se ligeiramente acima da m\u00e9dia, entre 1 e 3 \u00baC, nos distritos de Viana do Castelo, Braga, Porto, Vila Real, Bragan\u00e7a, Aveiro, Viseu e Guardado durante a primeira quinzena de dezembro.<\/p>\n<p>A Meteored prev\u00ea, ainda, que o padr\u00e3o atmosf\u00e9rico atual se mantenha pelo menos at\u00e9 8 a 10 de dezembro. Depois desse per\u00edodo, aumenta a incerteza quanto \u00e0 evolu\u00e7\u00e3o do estado do tempo, com os modelos a apresentar cen\u00e1rios divergentes.<\/p>\n<p>                                                    Afinal, o que \u00e9 o jato polar?<\/p>\n<p>O jato polar \u00e9 uma corrente de ventos fortes que circula na alta troposfera, entre cerca de 8 e 12 km de altitude. Resulta do contraste de temperaturas entre o ar frio das regi\u00f5es polares e o ar mais quente das latitudes m\u00e9dias, criando um fluxo r\u00e1pido de oeste para leste.<\/p>\n<p>Esta corrente atua como um guia para as depress\u00f5es e frentes atl\u00e2nticas, influenciando a ocorr\u00eancia de chuva, vento e varia\u00e7\u00f5es de temperatura. Quando o jato polar se desloca ou ondula, pode alterar a trajet\u00f3ria dos sistemas meteorol\u00f3gicos e provocar altera\u00e7\u00f5es ao estado do tempo em Portugal.<\/p>\n<p>Leia Tamb\u00e9m: <a href=\"https:\/\/www.noticiasaominuto.com\/pais\/2895982\/portugal-continental-teve-em-2025-o-2-outubro-mais-quente-desde-1931\" target=\"_blank\" rel=\"noopener noreferrer nofollow\">Portugal continental teve em 2025 o 2.\u00ba outubro mais quente desde 1931<\/a><\/p>\n","protected":false},"excerpt":{"rendered":"Depois de um per\u00edodo marcado por tempo seco e soalheiro, o estado do tempo em Portugal continental dever\u00e1&hellip;\n","protected":false},"author":2,"featured_media":168453,"comment_status":"","ping_status":"","sticky":false,"template":"","format":"standard","meta":{"footnotes":""},"categories":[10],"tags":[27,28,15,16,14,25,26,21,22,12,13,19,20,32,23,24,33,17,18,29,30,31],"class_list":{"0":"post-168452","1":"post","2":"type-post","3":"status-publish","4":"format-standard","5":"has-post-thumbnail","7":"category-portugal","8":"tag-breaking-news","9":"tag-breakingnews","10":"tag-featured-news","11":"tag-featurednews","12":"tag-headlines","13":"tag-latest-news","14":"tag-latestnews","15":"tag-main-news","16":"tag-mainnews","17":"tag-news","18":"tag-noticias","19":"tag-noticias-principais","20":"tag-noticiasprincipais","21":"tag-portugal","22":"tag-principais-noticias","23":"tag-principaisnoticias","24":"tag-pt","25":"tag-top-stories","26":"tag-topstories","27":"tag-ultimas","28":"tag-ultimas-noticias","29":"tag-ultimasnoticias"},"share_on_mastodon":{"url":"https:\/\/pubeurope.com\/@pt\/115628452490581254","error":""},"_links":{"self":[{"href":"https:\/\/www.europesays.com\/pt\/wp-json\/wp\/v2\/posts\/168452","targetHints":{"allow":["GET"]}}],"collection":[{"href":"https:\/\/www.europesays.com\/pt\/wp-json\/wp\/v2\/posts"}],"about":[{"href":"https:\/\/www.europesays.com\/pt\/wp-json\/wp\/v2\/types\/post"}],"author":[{"embeddable":true,"href":"https:\/\/www.europesays.com\/pt\/wp-json\/wp\/v2\/users\/2"}],"replies":[{"embeddable":true,"href":"https:\/\/www.europesays.com\/pt\/wp-json\/wp\/v2\/comments?post=168452"}],"version-history":[{"count":0,"href":"https:\/\/www.europesays.com\/pt\/wp-json\/wp\/v2\/posts\/168452\/revisions"}],"wp:featuredmedia":[{"embeddable":true,"href":"https:\/\/www.europesays.com\/pt\/wp-json\/wp\/v2\/media\/168453"}],"wp:attachment":[{"href":"https:\/\/www.europesays.com\/pt\/wp-json\/wp\/v2\/media?parent=168452"}],"wp:term":[{"taxonomy":"category","embeddable":true,"href":"https:\/\/www.europesays.com\/pt\/wp-json\/wp\/v2\/categories?post=168452"},{"taxonomy":"post_tag","embeddable":true,"href":"https:\/\/www.europesays.com\/pt\/wp-json\/wp\/v2\/tags?post=168452"}],"curies":[{"name":"wp","href":"https:\/\/api.w.org\/{rel}","templated":true}]}}