{"id":168454,"date":"2025-11-28T17:15:09","date_gmt":"2025-11-28T17:15:09","guid":{"rendered":"https:\/\/www.europesays.com\/pt\/168454\/"},"modified":"2025-11-28T17:15:09","modified_gmt":"2025-11-28T17:15:09","slug":"donald-trump-propoe-se-entregar-a-putin-o-donbass-e-a-crimeia","status":"publish","type":"post","link":"https:\/\/www.europesays.com\/pt\/168454\/","title":{"rendered":"Donald Trump prop\u00f5e-se entregar a Putin o Donbass e a Crimeia"},"content":{"rendered":"<p>De acordo com uma not\u00edcia avan\u00e7ada pelo brit\u00e2nico <a href=\"https:\/\/www.telegraph.co.uk\/world-news\/2025\/11\/28\/trump-to-recognise-occupied-ukraine-part-of-russia\/\" target=\"_blank\" rel=\"nofollow noopener\">The Telegraph<\/a>, <b>a proposta de paz de Donald Trump dever\u00e1 ser entregue formalmente no Kremlin nos pr\u00f3ximos dias<\/b>. Putin h\u00e1 muito que pressiona para o reconhecimento legal dos territ\u00f3rios ucranianos que a R\u00fassia ocupou \u00e0 for\u00e7a. Entre eles est\u00e3o a pen\u00ednsula da Crimeia, no sul do pa\u00eds, anexada em 2014, e a regi\u00e3o de Donbass, no leste, que Moscovo ocupa na sua maior parte atualmente.<br \/>&#13;<\/p>\n<p>&#13;<br \/>\nO plano inicial de Trump previa entre 28 pontos, a entrega da maioria dos territ\u00f3rios conquistados pela R\u00fassia nos \u00faltimos anos. Foi contudo modificado para 19 pontos, mais favor\u00e1veis aos ucranianos, ap\u00f3s protestos da Uni\u00e3o Europeia e de Kiev, que acusaram Washington de capitular perante Moscovo.&#13;\n<\/p>\n<p>&#13;<br \/>\nDevido sobretudo aos esfor\u00e7os europeus, o plano norte-americano passou a admitir um maior n\u00famero de efetivos militares ucranianos e modicou a abrag\u00eancia dos termos de amnistia inicialmente previstos.&#13;\n<\/p>\n<p>&#13;<br \/>\nAs quest\u00f5es de ced\u00eancia territorial e da ades\u00e3o da Ucr\u00e2nia \u00e0 NATO deveriam ser negociadas depois entre Washington e Kiev.&#13;\n<\/p>\n<p>&#13;<br \/>\n<b>A iniciativa de Washington, que parece assumir como certa a entrega dos territ\u00f3rios ocupados \u00e0 R\u00fassia, poder\u00e1 por isso desconcertar os ucranianos, que se preparam para continuar a negociar.&#13;<br \/>\n<\/b>&#13;\n<\/p>\n<p>&#13;<br \/>\n&#8220;Port\u00f5es do inferno&#8221;&#13;\n<\/p>\n<p>&#13;<br \/>\nEsta sexta-feira, o presidente da Ucr\u00e2nia, Volodymyr Zelensky, anunciou que ter\u00e3o lugar em breve reuni\u00f5es entre autoridades ucranianas e americanas sobre propostas para p\u00f4r fim \u00e0 guerra com a R\u00fassia.\u00a0&#13;\n<\/p>\n<p>&#13;<br \/>\nNum discurso v\u00eddeo \u00e0 na\u00e7\u00e3o, durante o qual confirmou a demiss\u00e3o do seu chefe de gabinete, acusado d corru\u00e7\u00e3o,\u00a0Zelensky\u00a0afirmou que altos funcion\u00e1rios ucranianos em representa\u00e7\u00e3o das For\u00e7as Armadas, do Minist\u00e9rio das Rela\u00e7\u00f5es Exteriores e da intelig\u00eancia, participar\u00e3o das conversa\u00e7\u00f5es sobre como encerrar o conflito, que se aproxima de sua marca de quatro anos.&#13;\n<\/p>\n<p>Reagindo \u00e0 not\u00edcia avan\u00e7ada pelo Telegraph,\u00a0Maria Drutska, uma antiga diplomata ucraniana, sublinhou os perigos da viola\u00e7\u00e3o das legisla\u00e7\u00e3o internacional de prote\u00e7\u00e3o da soberania estatal.<\/p>\n<p>Numa publica\u00e7\u00e3o na rede X, Drutska escreveu, &#8220;se isto for verdade, se os EUA estiverem dispostos a permitir que fronteiras sejam redesenhadas \u00e0 for\u00e7a e que os agressores sejam recompensados, ent\u00e3o <b>os port\u00f5es do inferno est\u00e3o prestes a abrir-se. Esta poder\u00e1 ser a decis\u00e3o mais desestabilizadora e geradora de conflito do s\u00e9culo XXI<\/b>. Um verdadeiro Black Friday.&#8221;&#13;\n<\/p>\n<p>&#13;<br \/>\nPara os europeus, a apresenta\u00e7\u00e3o formal do plano a Moscovo, \u00e9 um p\u00e9ssimo sinal. Uma fonte pr\u00f3xima do processo sublinhou ao Telegraph que\u00a0\u201c\u00e9 cada vez mais claro que os americanos n\u00e3o se importam com a posi\u00e7\u00e3o europeia&#8221;. &#8220;&#13;\n<\/p>\n<p>&#13;<br \/>\n&#8220;Dizem que os europeus podem fazer o que quiserem\u201d, acrescentou.&#13;\n<\/p>\n<p>&#13;<br \/>\nS\u00f3 R\u00fassia e EUA&#13;\n<\/p>\n<p>O Kremlin confirmou por seu lado que, at\u00e9 \u00e0 chegada da delega\u00e7\u00e3o norte-americana a Moscovo, prevista para a pr\u00f3xima semana, a R\u00fassia dever\u00e1 ter mais informa\u00e7\u00f5es sobre os pontos acordados no plano de paz proposto, informou a ag\u00eancia de not\u00edcias Interfax.<\/p>\n<p>O porta-voz do Kremlin, Dmitry Peskov, acrescentou que <b>Moscovo est\u00e1 a trabalhar com a premissa de que est\u00e1 a negociar o plano exclusivamente com os Estados Unidos.<\/b>&#13;\n<\/p>\n<p>O presidente Vladimir Putin reiterou quinta-feira as suas principais exig\u00eancias para o fim da guerra na Ucr\u00e2nia, afirmando que a R\u00fassia s\u00f3 depor\u00e1 as armas se as tropas de Kiev se retirarem do territ\u00f3rio reivindicado por Moscovo.<\/p>\n<p>Para Kiev, que descartou abdicar das partes do Donbass que ainda controla, recompensar a R\u00fassia pela sua agress\u00e3o \u00e9 inaceit\u00e1vel.<\/p>\n<p>Ap\u00f3s o discurso de Putin, o presidente ucraniano, Volodymyr Zelensky, afirmou que a R\u00fassia &#8220;despreza&#8221; os esfor\u00e7os &#8220;para p\u00f4r realmente fim \u00e0 guerra&#8221;.<br \/>&#13;<\/p>\n","protected":false},"excerpt":{"rendered":"De acordo com uma not\u00edcia avan\u00e7ada pelo brit\u00e2nico The Telegraph, a proposta de paz de Donald Trump dever\u00e1&hellip;\n","protected":false},"author":2,"featured_media":168455,"comment_status":"","ping_status":"","sticky":false,"template":"","format":"standard","meta":{"footnotes":""},"categories":[8],"tags":[27,28,15,16,14,25,26,21,22,12,13,19,20,32,23,24,33,420,421,17,18,29,30,31],"class_list":{"0":"post-168454","1":"post","2":"type-post","3":"status-publish","4":"format-standard","5":"has-post-thumbnail","7":"category-principais-noticias","8":"tag-breaking-news","9":"tag-breakingnews","10":"tag-featured-news","11":"tag-featurednews","12":"tag-headlines","13":"tag-latest-news","14":"tag-latestnews","15":"tag-main-news","16":"tag-mainnews","17":"tag-news","18":"tag-noticias","19":"tag-noticias-principais","20":"tag-noticiasprincipais","21":"tag-portugal","22":"tag-principais-noticias","23":"tag-principaisnoticias","24":"tag-pt","25":"tag-rtp","26":"tag-rtp-noticias","27":"tag-top-stories","28":"tag-topstories","29":"tag-ultimas","30":"tag-ultimas-noticias","31":"tag-ultimasnoticias"},"share_on_mastodon":{"url":"https:\/\/pubeurope.com\/@pt\/115628456566078387","error":""},"_links":{"self":[{"href":"https:\/\/www.europesays.com\/pt\/wp-json\/wp\/v2\/posts\/168454","targetHints":{"allow":["GET"]}}],"collection":[{"href":"https:\/\/www.europesays.com\/pt\/wp-json\/wp\/v2\/posts"}],"about":[{"href":"https:\/\/www.europesays.com\/pt\/wp-json\/wp\/v2\/types\/post"}],"author":[{"embeddable":true,"href":"https:\/\/www.europesays.com\/pt\/wp-json\/wp\/v2\/users\/2"}],"replies":[{"embeddable":true,"href":"https:\/\/www.europesays.com\/pt\/wp-json\/wp\/v2\/comments?post=168454"}],"version-history":[{"count":0,"href":"https:\/\/www.europesays.com\/pt\/wp-json\/wp\/v2\/posts\/168454\/revisions"}],"wp:featuredmedia":[{"embeddable":true,"href":"https:\/\/www.europesays.com\/pt\/wp-json\/wp\/v2\/media\/168455"}],"wp:attachment":[{"href":"https:\/\/www.europesays.com\/pt\/wp-json\/wp\/v2\/media?parent=168454"}],"wp:term":[{"taxonomy":"category","embeddable":true,"href":"https:\/\/www.europesays.com\/pt\/wp-json\/wp\/v2\/categories?post=168454"},{"taxonomy":"post_tag","embeddable":true,"href":"https:\/\/www.europesays.com\/pt\/wp-json\/wp\/v2\/tags?post=168454"}],"curies":[{"name":"wp","href":"https:\/\/api.w.org\/{rel}","templated":true}]}}