{"id":168462,"date":"2025-11-28T17:23:12","date_gmt":"2025-11-28T17:23:12","guid":{"rendered":"https:\/\/www.europesays.com\/pt\/168462\/"},"modified":"2025-11-28T17:23:12","modified_gmt":"2025-11-28T17:23:12","slug":"argentina-veron-e-jogadores-castigados-por-protesto-contra-equipa-de-di-maria","status":"publish","type":"post","link":"https:\/\/www.europesays.com\/pt\/168462\/","title":{"rendered":"Argentina: Ver\u00f3n e jogadores castigados por protesto contra equipa de Di Mar\u00eda"},"content":{"rendered":"<p style=\"margin-bottom:11px\">A Associa\u00e7\u00e3o de Futebol da Argentina (AFA) teve m\u00e3o pesada com o Estudiantes, pelo <a href=\"https:\/\/maisfutebol.iol.pt\/argentina\/rosario-central\/video-estudiantes-protesta-titulo-do-rosario-central-e-faz-corredor-de-honra-de-costas\" target=\"_blank\" rel=\"nofollow noopener\"><strong>protesto antes do jogo com o Rosario Central, no passado domingo<\/strong><\/a>.<\/p>\n<p>Os jogadores que viraram costas durante a guarda de honra \u00e0 equipa do ex-Benfica \u00c1ngel Di Mar\u00eda foram castigados com dois jogos de suspens\u00e3o na pr\u00f3xima competi\u00e7\u00e3o oficial, enquanto Santiago N\u00fa\u00f1ez n\u00e3o poder\u00e1 usar a bra\u00e7adeira de capit\u00e3o durante tr\u00eas meses. J\u00e1 o presidente do emblema de La Plata, o ex-jogador Ju\u00e1n Sebasti\u00e1n Ver\u00f3n, foi punido com seis meses de suspens\u00e3o de todas as atividades relacionadas com futebol.<\/p>\n<p>O clube tamb\u00e9m n\u00e3o se livrou de uma multa, que ascende os tr\u00eas mil euros.<\/p>\n<p>O protesto dos jogadores do Estudiantes deve-se \u00e0 decis\u00e3o pol\u00e9mica da AFA em <a href=\"https:\/\/maisfutebol.iol.pt\/internacional\/argentina\/di-maria-sagra-se-campeao-no-rosario-central-com-titulo-que-nao-existia\" target=\"_blank\" rel=\"nofollow noopener\"><strong>atribuir um trof\u00e9u ao Rosario Central por ter sido a equipa com melhor desempenho na tabela anual<\/strong><\/a>.<\/p>\n","protected":false},"excerpt":{"rendered":"A Associa\u00e7\u00e3o de Futebol da Argentina (AFA) teve m\u00e3o pesada com o Estudiantes, pelo protesto antes do jogo&hellip;\n","protected":false},"author":2,"featured_media":163444,"comment_status":"","ping_status":"","sticky":false,"template":"","format":"standard","meta":{"footnotes":""},"categories":[87],"tags":[2424,135,13079,34618,35363,82,46,32,33,47,13080,134],"class_list":{"0":"post-168462","1":"post","2":"type-post","3":"status-publish","4":"format-standard","5":"has-post-thumbnail","7":"category-desporto","8":"tag-argentina","9":"tag-desporto","10":"tag-di-maria","11":"tag-estudiantes","12":"tag-estudiantes-de-la-plata","13":"tag-internacional","14":"tag-maisfutebol","15":"tag-portugal","16":"tag-pt","17":"tag-pura-paixao","18":"tag-rosario-central","19":"tag-sports"},"share_on_mastodon":{"url":"https:\/\/pubeurope.com\/@pt\/115628487853914866","error":""},"_links":{"self":[{"href":"https:\/\/www.europesays.com\/pt\/wp-json\/wp\/v2\/posts\/168462","targetHints":{"allow":["GET"]}}],"collection":[{"href":"https:\/\/www.europesays.com\/pt\/wp-json\/wp\/v2\/posts"}],"about":[{"href":"https:\/\/www.europesays.com\/pt\/wp-json\/wp\/v2\/types\/post"}],"author":[{"embeddable":true,"href":"https:\/\/www.europesays.com\/pt\/wp-json\/wp\/v2\/users\/2"}],"replies":[{"embeddable":true,"href":"https:\/\/www.europesays.com\/pt\/wp-json\/wp\/v2\/comments?post=168462"}],"version-history":[{"count":0,"href":"https:\/\/www.europesays.com\/pt\/wp-json\/wp\/v2\/posts\/168462\/revisions"}],"wp:featuredmedia":[{"embeddable":true,"href":"https:\/\/www.europesays.com\/pt\/wp-json\/wp\/v2\/media\/163444"}],"wp:attachment":[{"href":"https:\/\/www.europesays.com\/pt\/wp-json\/wp\/v2\/media?parent=168462"}],"wp:term":[{"taxonomy":"category","embeddable":true,"href":"https:\/\/www.europesays.com\/pt\/wp-json\/wp\/v2\/categories?post=168462"},{"taxonomy":"post_tag","embeddable":true,"href":"https:\/\/www.europesays.com\/pt\/wp-json\/wp\/v2\/tags?post=168462"}],"curies":[{"name":"wp","href":"https:\/\/api.w.org\/{rel}","templated":true}]}}