{"id":168492,"date":"2025-11-28T17:57:27","date_gmt":"2025-11-28T17:57:27","guid":{"rendered":"https:\/\/www.europesays.com\/pt\/168492\/"},"modified":"2025-11-28T17:57:27","modified_gmt":"2025-11-28T17:57:27","slug":"assalto-ao-cemiterio-caixoes-profanados-roubo-de-metais-e-dez-corpos-misturados-por-identificar","status":"publish","type":"post","link":"https:\/\/www.europesays.com\/pt\/168492\/","title":{"rendered":"Assalto ao cemit\u00e9rio: caix\u00f5es profanados, roubo de metais e dez corpos misturados por identificar"},"content":{"rendered":"<p>O cemit\u00e9rio de Alhos Vedros, na Moita, distrito de Set\u00fabal, tem 145 anos, foi desativado h\u00e1 cerca de 50 mas continua aberto para as visitas dos familiares de quem l\u00e1 est\u00e1 enterrado e para os raros funerais dos habitantes que ali mant\u00eam jazigos. Por seguran\u00e7a, e <strong>devido a assaltos anteriores e alguns rituais sat\u00e2nicos<\/strong>, o port\u00e3o de ferro forjado ganhou em 2023 tranca e hor\u00e1rio marcado, das 8h \u00e0s 17h, mas de pouco serve quando o muro \u00e9 f\u00e1cil de transpor. Ter\u00e1 sido por a\u00ed que entrou, j\u00e1 de noite, de sexta para s\u00e1bado ou de s\u00e1bado para domingo, quem<strong> <\/strong><a href=\"https:\/\/expresso.pt\/sociedade\/2025-11-27-profanacao-de-sepulturas-e-corpos-desmembrados-no-cemiterio-de-alhos-vedros-cenario-dantesco-diz-bispo-de-setubal-49320ca2\" target=\"_blank\" rel=\"noopener noreferrer nofollow\"><strong>vandalizou o espa\u00e7o<\/strong><\/a><strong>, arrombou quatro jazigos e de cada um retirou os caix\u00f5es de madeira, e dos caix\u00f5es arrancou pelo menos uma dezena de corpos que espalhou \u00e0 toa pelo ch\u00e3o<\/strong>.<\/p>\n<p><a href=\"https:\/\/expresso.pt\/subscrever?action=GEN&amp;channel=VID&amp;type=CAP&amp;source=WEB&amp;returnUrl=https:\/\/expresso.pt\/sociedade\/2025-11-27-assalto-ao-cemiterio-caixoes-profanados-roubo-de-metais-e-dez-corpos-misturados-por-identificar--e2431b0f&amp;utm_source=expresso&amp;utm_medium=locked_article&amp;locked=true&amp;article_id=c88e43c8-212d-4488-bc8a-87baa5ac5f63&amp;author_id=Raquel+Moleiro,Hugo+Franco&amp;category=Sociedade\" target=\"_self\" class=\"\" rel=\"nofollow noopener\">Subscrever<\/a>J\u00e1 \u00e9 Subscritor?Fa\u00e7a login e continue a ler<a href=\"http:\/\/expresso.pt\/codigo?redirectUrl=https:\/\/expresso.pt\/sociedade\/2025-11-27-assalto-ao-cemiterio-caixoes-profanados-roubo-de-metais-e-dez-corpos-misturados-por-identificar--e2431b0f\" target=\"_self\" class=\"\" rel=\"nofollow noopener\">Inserir C\u00f3digo<\/a>Comprou o Expresso?Insira o c\u00f3digo presente na Revista E para continuar a ler<\/p>\n","protected":false},"excerpt":{"rendered":"O cemit\u00e9rio de Alhos Vedros, na Moita, distrito de Set\u00fabal, tem 145 anos, foi desativado h\u00e1 cerca de&hellip;\n","protected":false},"author":2,"featured_media":168493,"comment_status":"","ping_status":"","sticky":false,"template":"","format":"standard","meta":{"footnotes":""},"categories":[10],"tags":[27,28,15,16,14,25,26,21,22,12,13,19,20,32,23,24,33,17,18,29,30,31],"class_list":{"0":"post-168492","1":"post","2":"type-post","3":"status-publish","4":"format-standard","5":"has-post-thumbnail","7":"category-portugal","8":"tag-breaking-news","9":"tag-breakingnews","10":"tag-featured-news","11":"tag-featurednews","12":"tag-headlines","13":"tag-latest-news","14":"tag-latestnews","15":"tag-main-news","16":"tag-mainnews","17":"tag-news","18":"tag-noticias","19":"tag-noticias-principais","20":"tag-noticiasprincipais","21":"tag-portugal","22":"tag-principais-noticias","23":"tag-principaisnoticias","24":"tag-pt","25":"tag-top-stories","26":"tag-topstories","27":"tag-ultimas","28":"tag-ultimas-noticias","29":"tag-ultimasnoticias"},"share_on_mastodon":{"url":"https:\/\/pubeurope.com\/@pt\/115628621357931009","error":""},"_links":{"self":[{"href":"https:\/\/www.europesays.com\/pt\/wp-json\/wp\/v2\/posts\/168492","targetHints":{"allow":["GET"]}}],"collection":[{"href":"https:\/\/www.europesays.com\/pt\/wp-json\/wp\/v2\/posts"}],"about":[{"href":"https:\/\/www.europesays.com\/pt\/wp-json\/wp\/v2\/types\/post"}],"author":[{"embeddable":true,"href":"https:\/\/www.europesays.com\/pt\/wp-json\/wp\/v2\/users\/2"}],"replies":[{"embeddable":true,"href":"https:\/\/www.europesays.com\/pt\/wp-json\/wp\/v2\/comments?post=168492"}],"version-history":[{"count":0,"href":"https:\/\/www.europesays.com\/pt\/wp-json\/wp\/v2\/posts\/168492\/revisions"}],"wp:featuredmedia":[{"embeddable":true,"href":"https:\/\/www.europesays.com\/pt\/wp-json\/wp\/v2\/media\/168493"}],"wp:attachment":[{"href":"https:\/\/www.europesays.com\/pt\/wp-json\/wp\/v2\/media?parent=168492"}],"wp:term":[{"taxonomy":"category","embeddable":true,"href":"https:\/\/www.europesays.com\/pt\/wp-json\/wp\/v2\/categories?post=168492"},{"taxonomy":"post_tag","embeddable":true,"href":"https:\/\/www.europesays.com\/pt\/wp-json\/wp\/v2\/tags?post=168492"}],"curies":[{"name":"wp","href":"https:\/\/api.w.org\/{rel}","templated":true}]}}