{"id":168496,"date":"2025-11-28T18:00:18","date_gmt":"2025-11-28T18:00:18","guid":{"rendered":"https:\/\/www.europesays.com\/pt\/168496\/"},"modified":"2025-11-28T18:00:18","modified_gmt":"2025-11-28T18:00:18","slug":"ingresso-do-museu-do-louvre-ficara-mais-caro-para-nao-europeus-em-2026","status":"publish","type":"post","link":"https:\/\/www.europesays.com\/pt\/168496\/","title":{"rendered":"Ingresso do Museu do Louvre ficar\u00e1 mais caro para n\u00e3o europeus em 2026"},"content":{"rendered":"<p class=\"my-5 break-words group-[.isActiveSource]:text-xl\">O ingresso para o <strong class=\"group-[.isActiveSource]:text-xl group-[.isActiveSource]:font-bold\">Museu do Louvre ficar\u00e1 mais caro<\/strong> para viajantes de fora da Europa a partir de janeiro de 2026, com pre\u00e7o subindo at\u00e9 45%.<\/p>\n<p class=\"my-5 break-words group-[.isActiveSource]:text-xl\">A partir de 14 de janeiro, um <strong class=\"group-[.isActiveSource]:text-xl group-[.isActiveSource]:font-bold\">bilhete individual<\/strong> para visitantes de fora do Espa\u00e7o Econ\u00f4mico Europeu passar\u00e1 a custar <strong class=\"group-[.isActiveSource]:text-xl group-[.isActiveSource]:font-bold\">32 euros (cerca de R$ 198)<\/strong>. A informa\u00e7\u00e3o foi confirmada por um porta-voz do Louvre \u00e0 <a href=\"https:\/\/edition.cnn.com\/2025\/11\/28\/travel\/louvre-ticket-price-hike-scli-intl\" target=\"_blank\" rel=\"noopener noreferrer nofollow\" class=\"text-red-600 underline hover:text-red-500 font-medium break-words group-[.isActiveSource]:text-xl\">CNN Internacional<\/a>. Aqueles que visitarem o museu como parte de um grupo com guia dever\u00e3o pagar 28 euros (R$ 173) por pessoa.<\/p>\n<p class=\"my-5 break-words group-[.isActiveSource]:text-xl\">Os visitantes isentos do aumento devem ser de alguma nacionalidade que faz parte do Espa\u00e7o Econ\u00f4mico Europeu, que engloba o grupo de pa\u00edses-membros da Uni\u00e3o Europeia, assim como a Isl\u00e2ndia, Liechtenstein e a Noruega. Atualmente, um t\u00edquete individual para a visita no Louvre sai por 22 euros (cerca de R$ 136).<\/p>\n<p>Motivos do aumento<\/p>\n<p class=\"my-5 break-words group-[.isActiveSource]:text-xl\">De acordo com o porta-voz ouvido pela CNN Internacional, o aumento faz parte de um plano de moderniza\u00e7\u00e3o para solucionar problemas estruturais do museu.\u00a0Com a nova cobran\u00e7a, a expectativa \u00e9 que o <strong class=\"group-[.isActiveSource]:text-xl group-[.isActiveSource]:font-bold\">Louvre arrecade entre 15 e 20 milh\u00f5es de euros a mais<\/strong>, ou seja, entre R$ 93 e R$ 124 milh\u00f5es ao ano.<\/p>\n<p class=\"my-5 break-words group-[.isActiveSource]:text-xl\">O plano de aumentar o valor das entradas para visitantes de fora da Europa havia sido anunciado pela Ministra de Cultura da Fran\u00e7a, Rachida Dati, no in\u00edcio do ano.<\/p>\n<p><img decoding=\"async\" src=\"https:\/\/www.europesays.com\/pt\/wp-content\/uploads\/2025\/11\/mona-lisa-louvre.jpg\" alt=\"Mona Lisa \u00e9 uma das obras mais famosas em exposi\u00e7\u00e3o no Louvre \u2022 Unsplash\" width=\"849\" height=\"477\" class=\"flex size-full object-cover\" loading=\"lazy\"\/>Mona Lisa \u00e9 uma das obras mais famosas em exposi\u00e7\u00e3o no Louvre \u2022 Unsplash<\/p>\n<p class=\"my-5 break-words group-[.isActiveSource]:text-xl\">O Louvre \u00e9 <a href=\"https:\/\/www.cnnbrasil.com.br\/viagemegastronomia\/viagem\/qual-o-museu-mais-visitado-do-mundo-dica-nao-e-o-louvre\/\" target=\"_blank\" rel=\"noopener noreferrer nofollow\" class=\"text-red-600 underline hover:text-red-500 font-medium break-words group-[.isActiveSource]:text-xl\">um dos museus mais visitados do mundo<\/a>, registrando a entrada de <strong class=\"group-[.isActiveSource]:text-xl group-[.isActiveSource]:font-bold\">8,7 milh\u00f5es de pessoas<\/strong> no ano passado, al\u00e9m de ser um dos equipamentos culturais mais pesquisados da internet.<\/p>\n<p class=\"my-5 break-words group-[.isActiveSource]:text-xl\">O espa\u00e7o chegou a fechar as portas no \u00faltimo m\u00eas de junho por conta de uma greve de funcion\u00e1rios contra a superlota\u00e7\u00e3o. Em outubro, o museu foi alvo de um <a href=\"https:\/\/www.cnnbrasil.com.br\/internacional\/museu-do-louvre-em-paris-e-fechado-neste-domingo-19-apos-assalto\/\" target=\"_blank\" rel=\"noopener noreferrer nofollow\" class=\"text-red-600 underline hover:text-red-500 font-medium break-words group-[.isActiveSource]:text-xl\">roubo hist\u00f3rico<\/a>, em plena luz do dia, quando quatro ladr\u00f5es entraram na galeria que abriga as Joias da Coroa Francesa, expondo falhas de seguran\u00e7a do local.<\/p>\n<p class=\"my-5 break-words group-[.isActiveSource]:text-xl\">Ao longo do ano, uma <a href=\"https:\/\/www.cnnbrasil.com.br\/internacional\/roubo-no-louvre-museu-sofre-com-superlotacao-e-baixa-qualidade-de-servicos\/\" target=\"_blank\" rel=\"noopener noreferrer nofollow\" class=\"text-red-600 underline hover:text-red-500 font-medium break-words group-[.isActiveSource]:text-xl\">s\u00e9rie de alertas sobre danos \u00e0s instala\u00e7\u00f5es<\/a> do museu foram comunicadas \u00e0s autoridades francesas. Entre os problemas apontados est\u00e3o vazamentos de \u00e1gua, superlota\u00e7\u00e3o e varia\u00e7\u00f5es de temperatura.<\/p>\n","protected":false},"excerpt":{"rendered":"O ingresso para o Museu do Louvre ficar\u00e1 mais caro para viajantes de fora da Europa a partir&hellip;\n","protected":false},"author":2,"featured_media":168497,"comment_status":"","ping_status":"","sticky":false,"template":"","format":"standard","meta":{"footnotes":""},"categories":[144],"tags":[207,205,206,203,201,202,204,114,115,32,33],"class_list":{"0":"post-168496","1":"post","2":"type-post","3":"status-publish","4":"format-standard","5":"has-post-thumbnail","7":"category-arte-e-design","8":"tag-arte","9":"tag-arte-e-design","10":"tag-artedesign","11":"tag-arts","12":"tag-arts-and-design","13":"tag-artsanddesign","14":"tag-design","15":"tag-entertainment","16":"tag-entretenimento","17":"tag-portugal","18":"tag-pt"},"share_on_mastodon":{"url":"https:\/\/pubeurope.com\/@pt\/115628633352787361","error":""},"_links":{"self":[{"href":"https:\/\/www.europesays.com\/pt\/wp-json\/wp\/v2\/posts\/168496","targetHints":{"allow":["GET"]}}],"collection":[{"href":"https:\/\/www.europesays.com\/pt\/wp-json\/wp\/v2\/posts"}],"about":[{"href":"https:\/\/www.europesays.com\/pt\/wp-json\/wp\/v2\/types\/post"}],"author":[{"embeddable":true,"href":"https:\/\/www.europesays.com\/pt\/wp-json\/wp\/v2\/users\/2"}],"replies":[{"embeddable":true,"href":"https:\/\/www.europesays.com\/pt\/wp-json\/wp\/v2\/comments?post=168496"}],"version-history":[{"count":0,"href":"https:\/\/www.europesays.com\/pt\/wp-json\/wp\/v2\/posts\/168496\/revisions"}],"wp:featuredmedia":[{"embeddable":true,"href":"https:\/\/www.europesays.com\/pt\/wp-json\/wp\/v2\/media\/168497"}],"wp:attachment":[{"href":"https:\/\/www.europesays.com\/pt\/wp-json\/wp\/v2\/media?parent=168496"}],"wp:term":[{"taxonomy":"category","embeddable":true,"href":"https:\/\/www.europesays.com\/pt\/wp-json\/wp\/v2\/categories?post=168496"},{"taxonomy":"post_tag","embeddable":true,"href":"https:\/\/www.europesays.com\/pt\/wp-json\/wp\/v2\/tags?post=168496"}],"curies":[{"name":"wp","href":"https:\/\/api.w.org\/{rel}","templated":true}]}}