{"id":168499,"date":"2025-11-28T18:05:14","date_gmt":"2025-11-28T18:05:14","guid":{"rendered":"https:\/\/www.europesays.com\/pt\/168499\/"},"modified":"2025-11-28T18:05:14","modified_gmt":"2025-11-28T18:05:14","slug":"gabri-veiga-e-samu-marcam-no-triunfo-do-fc-porto-sobre-o-nice-2","status":"publish","type":"post","link":"https:\/\/www.europesays.com\/pt\/168499\/","title":{"rendered":"Gabri Veiga e Samu marcam no triunfo do FC Porto sobre o Nice"},"content":{"rendered":"<p>                Ainda os 37.214 espetadores n\u00e3o estavam sentados no Est\u00e1dio do Drag\u00e3o e o FC Porto inaugurava o marcador. Gabri Veiga atirou a contar ap\u00f3s assist\u00eancia de Pep\u00ea.<\/p>\n<p>Pouco depois Portugal sagrava-se Campe\u00e3o do Mundo de sub-17, ao vencer na final a \u00c1ustria, e ouviu-se uma ova\u00e7\u00e3o no Drag\u00e3o. O FC Porto est\u00e1 representado com cinco jogadores.<\/p>\n<p>Ao minuto 20, a equipa francesa causa perigo. Moffi isolou-se e s\u00f3 com Diogo Costa pela frente, atirou por cima da baliza. <\/p>\n<p>Farioli n\u00e3o gostava do que estava a assistir e pediu mais assertividade \u00e0 equipa e intelig\u00eancia para desmontar a teia do advers\u00e1rio. FC Porto vai tendo o controlo de um jogo sem grandes ocasi\u00f5es de golo de parte a parte.<\/p>\n<p>&#13;<br \/>\nA chamada de aten\u00e7\u00e3o do t\u00e9cnico azul e branco surtiu efeito e Gabri Veiga bisava na partida ap\u00f3s grande jogada de Froholdt.\u00a0&#13;\n<\/p>\n<p><img decoding=\"async\" src=\"https:\/\/www.europesays.com\/pt\/wp-content\/uploads\/2025\/11\/1764353114_955_50bd5c4824df5a7f6e3096477eba8c25\"\/>(Foto: Rita Fran\u00e7a &#8211; Reuters)<\/p>\n<p>&#13;<br \/>\nNa resposta, o Nice falhou um golo de forma incr\u00edvel. Diop atirou por cima sem oposi\u00e7\u00e3o. Podia ter feito o 2-1.&#13;\n<\/p>\n<p>Perto do intervalo situa\u00e7\u00e3o surreal no Drag\u00e3o. Adeptos do Nice gritam &#8220;ol\u00e9&#8221; com a troca de bola do FC Porto e apupam o Nice quando recupera a bola. <\/p>\n<p>O FC Porto saiu para o intervalo com uma vantagem segura de dois golos, num jogo em que Gabri Veiga bisou. Dom\u00ednio da equipa de Francesco Farioli, com o Nice s\u00f3 a espreitar t\u00edmidos ataques e a mostrar a raz\u00e3o de ainda n\u00e3o ter somado pontos na Liga Europa. <\/p>\n<p>&#13;<br \/>\nNa segunda parte e perto da hora de jogo grande penalidade para o FC Porto, ap\u00f3s revis\u00e3o VAR. Samu n\u00e3o tremeu da marca dos 11 metros e dilatou a vantagem azul e branca.&#13;\n<\/p>\n<p><img decoding=\"async\" src=\"https:\/\/www.europesays.com\/pt\/wp-content\/uploads\/2025\/11\/1764353114_902_2605f7bdbd3973ca391a762fe96046e7\"\/>(Foto:\u00a0Miguel Riopa &#8211; AFP)<\/p>\n<p>\nAp\u00f3s o terceiro golo, o FC Porto baixou a intensidade do jogo e permitiu ao Nice chegar \u00e0 baliza de Diogo Costa. Kevin Carlos finalizou mal s\u00f3 com o guarda-redes portista pela frente.<\/p>\n<p>Farioli mexeu na equipa e fez entrar Luuk de Jong e Rodrigo Mora para os lugares de Samu e Froholdt. Antes j\u00e1 havia entrado Borja Sainz para o lugar de Deniz Gul. o t\u00e9cnico azul e branco fez ainda mais uma mudan\u00e7a. Saiu Gabri Veiga ovacionado e entrou Eust\u00e1quio.<\/p>\n<p>Com este triunfo, os drag\u00f5es subiram provisoriamente ao quinto lugar, com 10 pontos, enquanto o Nice permanece no 36.\u00ba e \u00faltimo lugar, ainda sem qualquer ponto, tal como os escoceses do Rangers, ainda hoje anfitri\u00f5es do Sporting de Braga.<\/p>\n","protected":false},"excerpt":{"rendered":"Ainda os 37.214 espetadores n\u00e3o estavam sentados no Est\u00e1dio do Drag\u00e3o e o FC Porto inaugurava o marcador.&hellip;\n","protected":false},"author":2,"featured_media":167884,"comment_status":"","ping_status":"","sticky":false,"template":"","format":"standard","meta":{"footnotes":""},"categories":[87],"tags":[135,13,32,33,420,421,134],"class_list":{"0":"post-168499","1":"post","2":"type-post","3":"status-publish","4":"format-standard","5":"has-post-thumbnail","7":"category-desporto","8":"tag-desporto","9":"tag-noticias","10":"tag-portugal","11":"tag-pt","12":"tag-rtp","13":"tag-rtp-noticias","14":"tag-sports"},"share_on_mastodon":{"url":"https:\/\/pubeurope.com\/@pt\/115628653339502754","error":""},"_links":{"self":[{"href":"https:\/\/www.europesays.com\/pt\/wp-json\/wp\/v2\/posts\/168499","targetHints":{"allow":["GET"]}}],"collection":[{"href":"https:\/\/www.europesays.com\/pt\/wp-json\/wp\/v2\/posts"}],"about":[{"href":"https:\/\/www.europesays.com\/pt\/wp-json\/wp\/v2\/types\/post"}],"author":[{"embeddable":true,"href":"https:\/\/www.europesays.com\/pt\/wp-json\/wp\/v2\/users\/2"}],"replies":[{"embeddable":true,"href":"https:\/\/www.europesays.com\/pt\/wp-json\/wp\/v2\/comments?post=168499"}],"version-history":[{"count":0,"href":"https:\/\/www.europesays.com\/pt\/wp-json\/wp\/v2\/posts\/168499\/revisions"}],"wp:featuredmedia":[{"embeddable":true,"href":"https:\/\/www.europesays.com\/pt\/wp-json\/wp\/v2\/media\/167884"}],"wp:attachment":[{"href":"https:\/\/www.europesays.com\/pt\/wp-json\/wp\/v2\/media?parent=168499"}],"wp:term":[{"taxonomy":"category","embeddable":true,"href":"https:\/\/www.europesays.com\/pt\/wp-json\/wp\/v2\/categories?post=168499"},{"taxonomy":"post_tag","embeddable":true,"href":"https:\/\/www.europesays.com\/pt\/wp-json\/wp\/v2\/tags?post=168499"}],"curies":[{"name":"wp","href":"https:\/\/api.w.org\/{rel}","templated":true}]}}