{"id":168502,"date":"2025-11-28T18:10:17","date_gmt":"2025-11-28T18:10:17","guid":{"rendered":"https:\/\/www.europesays.com\/pt\/168502\/"},"modified":"2025-11-28T18:10:17","modified_gmt":"2025-11-28T18:10:17","slug":"menina-surda-emociona-se-ao-ouvir-a-voz-da-mae-pela-primeira-vez","status":"publish","type":"post","link":"https:\/\/www.europesays.com\/pt\/168502\/","title":{"rendered":"Menina surda emociona-se ao ouvir a voz da m\u00e3e pela primeira vez"},"content":{"rendered":"<p data-remotead-prev-elm=\"true\" data-remotead-elm-id=\"inread\">Diagnosticada com surdez profunda quando era beb\u00e9, La\u00eds Vit\u00f3ria foi submetida a uma cirurgia para implantar um dispositivo eletr\u00f3nico que estimula diretamente o nervo auditivo. O aparelho foi ativado no Instituto de Medicina Integral Professor Fernando Figueira, no Centro do Recife, um m\u00eas ap\u00f3s a menina ter sido submetida \u00e0 cirurgia.<\/p>\n<p>A m\u00e3e da crian\u00e7a, Poliana Barbosa, gravou a rea\u00e7\u00e3o da filha ao ouvir a sua voz pela primeira vez. No v\u00eddeo, La\u00eds aparece visivelmente emocionada, entre sorrisos e choro.<\/p>\n<blockquote class=\"twitter-tweet\" data-media-max-width=\"560\">\n<p>Adolescente La\u00eds Vit\u00f3ria, que \u00e9 surda desde o nascimento, ouve a voz de sua m\u00e3e pela primeira vez ap\u00f3s um novo implante coclear, realizado no Hospital IMIP, em Recife. Emocionante <a href=\"https:\/\/t.co\/A3l6COehTQ\" rel=\"nofollow\">pic.twitter.com\/A3l6COehTQ<\/a><\/p>\n<p>&#8211; Fabiano Cefer Urgente (@ceferurgente_rs) <a href=\"https:\/\/twitter.com\/ceferurgente_rs\/status\/1992037828360884393?ref_src=twsrc%5Etfw\" rel=\"nofollow noopener\" target=\"_blank\">November 22, 2025<\/a><\/p><\/blockquote>\n<p data-remotead-prev-elm=\"true\" data-remotead-elm-id=\"centro1\">&#8220;Esperei 12 anos por isto. Esperei 12 anos para que a minha filha pudesse ouvir a minha voz. Deus \u00e9 t\u00e3o bom, a cirurgia foi um sucesso. Quatro dias ap\u00f3s a ativa\u00e7\u00e3o, ela j\u00e1 tem evolu\u00eddo muito&#8221;, afirmou a mulher, citada pelo portal brasileiro &#8220;G1&#8221;.<\/p>\n<p>A adolescente \u00e9 acompanhada pelo hospital desde que tinha um ano e cinco meses e passou pela cirurgia no dia 15 de outubro. O dispositivo foi ativado 30 dias depois.<\/p>\n<p>O implante \u00e9 composto por duas partes: uma interna, colocada na opera\u00e7\u00e3o, e outra externa, o processador de som. Segundo Rita Fernandes, uma das m\u00e9dicas respons\u00e1veis pelo tratamento de La\u00eds, o c\u00e9rebro da menina vai precisar de se adaptar ao novo som, uma vez que o processo n\u00e3o acontece por &#8220;magia&#8221;, mas atrav\u00e9s de &#8220;um trabalho cont\u00ednuo&#8221;, que vai obrigar a jovem a fazer reabilita\u00e7\u00e3o auditiva semanalmente e a ajustar o aparelho a cada dois meses.<\/p>\n<p><script async src=\"https:\/\/platform.twitter.com\/widgets.js\" charset=\"utf-8\"><\/script><\/p>\n","protected":false},"excerpt":{"rendered":"Diagnosticada com surdez profunda quando era beb\u00e9, La\u00eds Vit\u00f3ria foi submetida a uma cirurgia para implantar um dispositivo&hellip;\n","protected":false},"author":2,"featured_media":168503,"comment_status":"","ping_status":"","sticky":false,"template":"","format":"standard","meta":{"footnotes":""},"categories":[50],"tags":[726,27,28,15,16,14,25,26,21,22,62,12,13,19,20,23,24,23246,17,18,29,30,31,63,64,65],"class_list":{"0":"post-168502","1":"post","2":"type-post","3":"status-publish","4":"format-standard","5":"has-post-thumbnail","7":"category-mundo","8":"tag-brasil","9":"tag-breaking-news","10":"tag-breakingnews","11":"tag-featured-news","12":"tag-featurednews","13":"tag-headlines","14":"tag-latest-news","15":"tag-latestnews","16":"tag-main-news","17":"tag-mainnews","18":"tag-mundo","19":"tag-news","20":"tag-noticias","21":"tag-noticias-principais","22":"tag-noticiasprincipais","23":"tag-principais-noticias","24":"tag-principaisnoticias","25":"tag-surdez","26":"tag-top-stories","27":"tag-topstories","28":"tag-ultimas","29":"tag-ultimas-noticias","30":"tag-ultimasnoticias","31":"tag-world","32":"tag-world-news","33":"tag-worldnews"},"share_on_mastodon":{"url":"https:\/\/pubeurope.com\/@pt\/115628672545158917","error":""},"_links":{"self":[{"href":"https:\/\/www.europesays.com\/pt\/wp-json\/wp\/v2\/posts\/168502","targetHints":{"allow":["GET"]}}],"collection":[{"href":"https:\/\/www.europesays.com\/pt\/wp-json\/wp\/v2\/posts"}],"about":[{"href":"https:\/\/www.europesays.com\/pt\/wp-json\/wp\/v2\/types\/post"}],"author":[{"embeddable":true,"href":"https:\/\/www.europesays.com\/pt\/wp-json\/wp\/v2\/users\/2"}],"replies":[{"embeddable":true,"href":"https:\/\/www.europesays.com\/pt\/wp-json\/wp\/v2\/comments?post=168502"}],"version-history":[{"count":0,"href":"https:\/\/www.europesays.com\/pt\/wp-json\/wp\/v2\/posts\/168502\/revisions"}],"wp:featuredmedia":[{"embeddable":true,"href":"https:\/\/www.europesays.com\/pt\/wp-json\/wp\/v2\/media\/168503"}],"wp:attachment":[{"href":"https:\/\/www.europesays.com\/pt\/wp-json\/wp\/v2\/media?parent=168502"}],"wp:term":[{"taxonomy":"category","embeddable":true,"href":"https:\/\/www.europesays.com\/pt\/wp-json\/wp\/v2\/categories?post=168502"},{"taxonomy":"post_tag","embeddable":true,"href":"https:\/\/www.europesays.com\/pt\/wp-json\/wp\/v2\/tags?post=168502"}],"curies":[{"name":"wp","href":"https:\/\/api.w.org\/{rel}","templated":true}]}}