{"id":16853,"date":"2025-08-05T10:01:06","date_gmt":"2025-08-05T10:01:06","guid":{"rendered":"https:\/\/www.europesays.com\/pt\/16853\/"},"modified":"2025-08-05T10:01:06","modified_gmt":"2025-08-05T10:01:06","slug":"sem-daniela-no-caminho-catarina-miranda-vai-com-tudo-para-cima-de-afonso-big-brother","status":"publish","type":"post","link":"https:\/\/www.europesays.com\/pt\/16853\/","title":{"rendered":"Sem Daniela no caminho, Catarina Miranda vai com tudo para cima de Afonso &#8211; Big Brother"},"content":{"rendered":"<p style=\"margin-bottom:11px\">Catarina Miranda j\u00e1 est\u00e1 em a\u00e7\u00e3o. Assim que <a href=\"https:\/\/tvi.iol.pt\/bigbrother\/daniela-santos\/desistencia\/bomba-no-big-brother-verao-daniela-santos-desiste-do-programa\" rel=\"nofollow noopener\" target=\"_blank\">Daniela Santos desistiu do Big Brother Ver\u00e3o<\/a>, <a href=\"https:\/\/tvi.iol.pt\/bigbrother\/videos\/escusas-de-vir-aqui-sai-nao-me-toques-afonso-leitao-expulsa-catarina-miranda-da-sua-cama\/6891bbfa0cf20ac1d5f34ef1\" rel=\"nofollow noopener\" target=\"_blank\">a concorrente foi com tudo para cima de Afonso Leit\u00e3o<\/a>. Catarina Miranda tentou beijar Afonso e deitar-se na cama com o concorrente.<\/p>\n<p>\u00abEscusas de vir aqui, sai, n\u00e3o me toques!\u00bb. Afonso mostrou-se implac\u00e1vel e expulsou a concorrente.<\/p>\n<p>\u00abEu n\u00e3o acredito que me tratas assim. tu tratas me mal\u00bb, lamenta Catarina Miranda. \u00abJ\u00e1 fizeste o espet\u00e1culo\u00bb, atira Afonso, mostrando-se irredut\u00edvel.<\/p>\n<p>Nesta segunda-feira, 4 de julho, Daniela Santos desistiu do Big Brother Ver\u00e3o, deixando os colegas bastante emocionados. No entanto, destacou-se a rea\u00e7\u00e3o de Afonso Leit\u00e3o, que mostrou alguma indiferen\u00e7a com a sa\u00edda da amiga especial da casa mais vigiada do pa\u00eds.<\/p>\n<p>Choros, abra\u00e7os e indiferen\u00e7a: As rea\u00e7\u00f5es que est\u00e3o a dar que falar na desist\u00eancia de Daniela Santos <\/p>\n<p data-end=\"732\" data-start=\"452\"><strong>Daniela Santos <\/strong>desistiu do <strong><a href=\"https:\/\/tvi.iol.pt\/bigbrother\/\" rel=\"nofollow noopener\" target=\"_blank\">Big Brother Ver\u00e3o<\/a><\/strong>.\u00a0<a href=\"https:\/\/tvi.iol.pt\/bigbrother\/videos\/ultima-hora-daniela-santos-volta-atras-e-desiste-do-big-brother-verao\/6890eb530cf20ac1d5f34ea3\" target=\"_blank\" rel=\"nofollow noopener\">A decis\u00e3o\u00a0em abandonar a casa gerou momentos de grande emo\u00e7\u00e3o e tamb\u00e9m de total indiferen\u00e7a por parte de alguns colegas<\/a>. A bailarina despediu-se dos concorrentes visivelmente abalada, mas nem todos reagiram da mesma forma \u00e0 sua sa\u00edda.<\/p>\n<p data-end=\"952\" data-start=\"734\"><a href=\"https:\/\/tvi.iol.pt\/bigbrother\/videos\/emocoes-ao-rubro-kina-nao-consegue-conter-as-lagrimas-com-saida-de-daniela-santos\/6890f3480cf28cf8876831b9\" target=\"_blank\" rel=\"nofollow noopener\"><strong>Kina <\/strong>n\u00e3o conteve as l\u00e1grimas e abra\u00e7ou-se a <strong>Daniela<\/strong> num gesto de profunda amizade<\/a>. O momento emocionou os presentes e mostrou a forte liga\u00e7\u00e3o entre as duas concorrentes.<\/p>\n<p data-end=\"1189\" data-start=\"954\">Em contraste, <strong>Bruno de Carvalho <\/strong>e <strong>Catarina Miranda<\/strong> permaneceram sentados e n\u00e3o se despediram da colega. A postura fria de ambos gerou desconforto e n\u00e3o passou despercebida \u00e0s c\u00e2maras, levantando quest\u00f5es sobre o ambiente entre os tr\u00eas.<\/p>\n<p>Mais tarde, justificaram as suas atitudes: <\/p>\n<p data-end=\"1483\" data-is-last-node=\"\" data-is-only-node=\"\" data-start=\"1191\">Tamb\u00e9m <strong>Afonso Leit\u00e3o<\/strong> optou por n\u00e3o reagir de forma expressiva. Com uma express\u00e3o neutra, recusou comentar a desist\u00eancia, mesmo ap\u00f3s ser diretamente questionado pelo <strong><a href=\"https:\/\/tvi.iol.pt\/bigbrother\/\" rel=\"nofollow noopener\" target=\"_blank\">Big Brother<\/a><\/strong>. Limitou-se a dizer preferia n\u00e3o comentar. Uma atitude que refor\u00e7a as divis\u00f5es cada vez mais evidentes dentro da casa.<\/p>\n<p>Veja o momento: <\/p>\n<p data-end=\"1483\" data-is-last-node=\"\" data-is-only-node=\"\" data-start=\"1191\">\u00a0<\/p>\n","protected":false},"excerpt":{"rendered":"Catarina Miranda j\u00e1 est\u00e1 em a\u00e7\u00e3o. Assim que Daniela Santos desistiu do Big Brother Ver\u00e3o, a concorrente foi&hellip;\n","protected":false},"author":2,"featured_media":16854,"comment_status":"","ping_status":"","sticky":false,"template":"","format":"standard","meta":{"footnotes":""},"categories":[142],"tags":[2031,331,48,342,329,333,328,335,336,114,115,334,332,330,13,32,33,151,162,227],"class_list":{"0":"post-16853","1":"post","2":"type-post","3":"status-publish","4":"format-standard","5":"has-post-thumbnail","7":"category-tv","8":"tag-afonso-leitao","9":"tag-big","10":"tag-big-brother","11":"tag-catarina-miranda","12":"tag-claudio-ramos","13":"tag-comentadores","14":"tag-concorrentes","15":"tag-confrontos","16":"tag-discussoes","17":"tag-entertainment","18":"tag-entretenimento","19":"tag-exclusivos","20":"tag-expulso","21":"tag-gala","22":"tag-noticias","23":"tag-portugal","24":"tag-pt","25":"tag-tv","26":"tag-tvi","27":"tag-videos"},"share_on_mastodon":{"url":"","error":""},"_links":{"self":[{"href":"https:\/\/www.europesays.com\/pt\/wp-json\/wp\/v2\/posts\/16853","targetHints":{"allow":["GET"]}}],"collection":[{"href":"https:\/\/www.europesays.com\/pt\/wp-json\/wp\/v2\/posts"}],"about":[{"href":"https:\/\/www.europesays.com\/pt\/wp-json\/wp\/v2\/types\/post"}],"author":[{"embeddable":true,"href":"https:\/\/www.europesays.com\/pt\/wp-json\/wp\/v2\/users\/2"}],"replies":[{"embeddable":true,"href":"https:\/\/www.europesays.com\/pt\/wp-json\/wp\/v2\/comments?post=16853"}],"version-history":[{"count":0,"href":"https:\/\/www.europesays.com\/pt\/wp-json\/wp\/v2\/posts\/16853\/revisions"}],"wp:featuredmedia":[{"embeddable":true,"href":"https:\/\/www.europesays.com\/pt\/wp-json\/wp\/v2\/media\/16854"}],"wp:attachment":[{"href":"https:\/\/www.europesays.com\/pt\/wp-json\/wp\/v2\/media?parent=16853"}],"wp:term":[{"taxonomy":"category","embeddable":true,"href":"https:\/\/www.europesays.com\/pt\/wp-json\/wp\/v2\/categories?post=16853"},{"taxonomy":"post_tag","embeddable":true,"href":"https:\/\/www.europesays.com\/pt\/wp-json\/wp\/v2\/tags?post=16853"}],"curies":[{"name":"wp","href":"https:\/\/api.w.org\/{rel}","templated":true}]}}