{"id":168556,"date":"2025-11-28T18:57:15","date_gmt":"2025-11-28T18:57:15","guid":{"rendered":"https:\/\/www.europesays.com\/pt\/168556\/"},"modified":"2025-11-28T18:57:15","modified_gmt":"2025-11-28T18:57:15","slug":"policia-de-folga-agredido-por-homem-que-tinha-detido-por-infracao-rodoviaria","status":"publish","type":"post","link":"https:\/\/www.europesays.com\/pt\/168556\/","title":{"rendered":"Pol\u00edcia de folga agredido por homem que tinha detido por infra\u00e7\u00e3o rodovi\u00e1ria"},"content":{"rendered":"<p data-remotead-prev-elm=\"true\" data-remotead-elm-id=\"inread\">O indiv\u00edduo, j\u00e1 referenciado por v\u00e1rios tipos de crime e desacatos, reconheceu um agente de folga que o havia detido no \u00e2mbito de uma infra\u00e7\u00e3o rodovi\u00e1ria, e juntamente com outros comparsas amea\u00e7ou-o e agrediu-o na padaria onde este se encontrava.<\/p>\n<p>Na sequ\u00eancia dos desacatos foi chamada a PSP. Depois de ter sido levado para a esquadra e sempre com uma &#8220;postura agressiva&#8221;, o homem ainda tentou agredir outros agentes. No local estiveram os bombeiros a prestar assist\u00eancia e acabaram mesmo por transportar feridos para o hospital.<\/p>\n<p>Entretanto, gerou-se um grande aparato com familiares \u00e0 porta da esquadra da PSP de Famalic\u00e3o, havendo a necessidade de chamar a Equipa de Interven\u00e7\u00e3o R\u00e1pida da PSP.<\/p>\n<p>O indiv\u00edduo, que tinha uma arma branca, ficou detido e ser\u00e1 presente a tribunal para conhecer as medidas de coa\u00e7\u00e3o. <\/p>\n","protected":false},"excerpt":{"rendered":"O indiv\u00edduo, j\u00e1 referenciado por v\u00e1rios tipos de crime e desacatos, reconheceu um agente de folga que o&hellip;\n","protected":false},"author":2,"featured_media":168557,"comment_status":"","ping_status":"","sticky":false,"template":"","format":"standard","meta":{"footnotes":""},"categories":[10],"tags":[5571,27,28,5879,15,16,14,603,25,26,21,22,12,13,19,20,32,23,24,1306,33,17,18,29,30,31],"class_list":{"0":"post-168556","1":"post","2":"type-post","3":"status-publish","4":"format-standard","5":"has-post-thumbnail","7":"category-portugal","8":"tag-agressao","9":"tag-breaking-news","10":"tag-breakingnews","11":"tag-famalicao","12":"tag-featured-news","13":"tag-featurednews","14":"tag-headlines","15":"tag-justica","16":"tag-latest-news","17":"tag-latestnews","18":"tag-main-news","19":"tag-mainnews","20":"tag-news","21":"tag-noticias","22":"tag-noticias-principais","23":"tag-noticiasprincipais","24":"tag-portugal","25":"tag-principais-noticias","26":"tag-principaisnoticias","27":"tag-psp","28":"tag-pt","29":"tag-top-stories","30":"tag-topstories","31":"tag-ultimas","32":"tag-ultimas-noticias","33":"tag-ultimasnoticias"},"share_on_mastodon":{"url":"https:\/\/pubeurope.com\/@pt\/115628857488365691","error":""},"_links":{"self":[{"href":"https:\/\/www.europesays.com\/pt\/wp-json\/wp\/v2\/posts\/168556","targetHints":{"allow":["GET"]}}],"collection":[{"href":"https:\/\/www.europesays.com\/pt\/wp-json\/wp\/v2\/posts"}],"about":[{"href":"https:\/\/www.europesays.com\/pt\/wp-json\/wp\/v2\/types\/post"}],"author":[{"embeddable":true,"href":"https:\/\/www.europesays.com\/pt\/wp-json\/wp\/v2\/users\/2"}],"replies":[{"embeddable":true,"href":"https:\/\/www.europesays.com\/pt\/wp-json\/wp\/v2\/comments?post=168556"}],"version-history":[{"count":0,"href":"https:\/\/www.europesays.com\/pt\/wp-json\/wp\/v2\/posts\/168556\/revisions"}],"wp:featuredmedia":[{"embeddable":true,"href":"https:\/\/www.europesays.com\/pt\/wp-json\/wp\/v2\/media\/168557"}],"wp:attachment":[{"href":"https:\/\/www.europesays.com\/pt\/wp-json\/wp\/v2\/media?parent=168556"}],"wp:term":[{"taxonomy":"category","embeddable":true,"href":"https:\/\/www.europesays.com\/pt\/wp-json\/wp\/v2\/categories?post=168556"},{"taxonomy":"post_tag","embeddable":true,"href":"https:\/\/www.europesays.com\/pt\/wp-json\/wp\/v2\/tags?post=168556"}],"curies":[{"name":"wp","href":"https:\/\/api.w.org\/{rel}","templated":true}]}}