{"id":168558,"date":"2025-11-28T18:58:11","date_gmt":"2025-11-28T18:58:11","guid":{"rendered":"https:\/\/www.europesays.com\/pt\/168558\/"},"modified":"2025-11-28T18:58:11","modified_gmt":"2025-11-28T18:58:11","slug":"benfica-vai-encontrar-nevoeiro-na-choupana-a-resposta-do-ipma","status":"publish","type":"post","link":"https:\/\/www.europesays.com\/pt\/168558\/","title":{"rendered":"Benfica vai encontrar nevoeiro na Choupana? A resposta do IPMA"},"content":{"rendered":"<p>Ricardo Tavares, delegado regional do Instituto Portugu\u00eas do Mar e da Atmosfera (IPMA) na Madeira, tra\u00e7ou um cen\u00e1rio animador, mas n\u00e3o totalmente isento de risco, para o jogo entre <a target=\"_blank\" class=\"editor-link autolink-enabled\" href=\"https:\/\/www.abola.pt\/futebol\/benfica-450\" data-resource-id=\"450\" data-resource-type=\"team\" data-sport=\"football\" rel=\"nofollow noopener\">Benfica<\/a> e <a target=\"_blank\" class=\"editor-link autolink-enabled\" href=\"https:\/\/www.abola.pt\/futebol\/nacional-463\" data-resource-id=\"463\" data-resource-type=\"team\" data-sport=\"football\" rel=\"nofollow noopener\">Nacional<\/a>, que entram em campo este s\u00e1bado, \u00e0s 18 horas, no Est\u00e1dio da Madeira, em partida da 12.\u00aa jornada da <a class=\"autolink-enabled\" data-resource-id=\"13\" data-resource-type=\"competition\" data-sport=\"football\" href=\"https:\/\/www.abola.pt\/futebol\/competicao\/liga-portugal-betclic-13\" rel=\"nofollow noopener\" target=\"_blank\">Liga<\/a>.<\/p>\n<p>A Choupana localiza-se a 632 metros de altitude e o perigo do nevoeiro \u00e9 recorrente, sendo respons\u00e1vel por constantes paragens ou adiamentos dos encontros. Aconteceu, por exemplo, na visita dos encarnados na temporada passada.<\/p>\n<p>\u00abPara a hora do in\u00edcio do encontro temos previs\u00e3o de baixa redu\u00e7\u00e3o de visibilidade. Mas ao longo do jogo h\u00e1 tamb\u00e9m a probabilidade de alguma redu\u00e7\u00e3o de visibilidade. N\u00e3o \u00e9 imposs\u00edvel que haja uma redu\u00e7\u00e3o de visibilidade, ela pode ocorrer\u00bb, come\u00e7ou por explicar Ricardo Tavares.<\/p>\n<p>\u00abNeste caso, temos um ponto espec\u00edfico, que tem a ver com a serra e com a altitude da Choupana, mas tamb\u00e9m temos de levar em conta a altura do dia, pois trata-se exatamente da altura do p\u00f4r do sol, que acarreta sempre uma situa\u00e7\u00e3o de mudan\u00e7a. Come\u00e7a a arrefecer e h\u00e1 uma s\u00e9rie de fen\u00f3menos que influenciam depois a situa\u00e7\u00e3o\u00bb, acrescentou.\u00a0<\/p>\n<p>Para este s\u00e1bado, na Ilha da Madeira, \u00abh\u00e1 possibilidade de precipita\u00e7\u00e3o fraca praticamente para todo o dia, mas a partir do final da tarde a probabilidade diminui\u00bb. \u00abNuvens e temperaturas a baixar ao final da tarde\u00bb contribuem normalmente para o aparecimento do nevoeiro, mas tamb\u00e9m esta altura potencia risco de redu\u00e7\u00e3o de visibilidade.<\/p>\n<p>\u00abEm quase todo o ano h\u00e1 essa possibilidade [de redu\u00e7\u00e3o da visibilidade por causa do nevoeiro], mas no per\u00edodo de ver\u00e3o h\u00e1 menos. Naquela regi\u00e3o em particular h\u00e1 muitas vezes a base da nuvem a baixar um pouco em fun\u00e7\u00e3o da altitude e a possibilidade de forma\u00e7\u00e3o de nevoeiro e redu\u00e7\u00e3o de visibilidade\u00bb, explicou ainda Ricardo Tavares, que sublinha que ao in\u00edcio da tarde a previs\u00e3o seria ainda mais favor\u00e1vel \u00e0 realiza\u00e7\u00e3o do jogo.<\/p>\n","protected":false},"excerpt":{"rendered":"Ricardo Tavares, delegado regional do Instituto Portugu\u00eas do Mar e da Atmosfera (IPMA) na Madeira, tra\u00e7ou um cen\u00e1rio&hellip;\n","protected":false},"author":2,"featured_media":168559,"comment_status":"","ping_status":"","sticky":false,"template":"","format":"standard","meta":{"footnotes":""},"categories":[8],"tags":[27,28,15,16,14,25,26,21,22,12,13,19,20,32,23,24,33,17,18,29,30,31],"class_list":{"0":"post-168558","1":"post","2":"type-post","3":"status-publish","4":"format-standard","5":"has-post-thumbnail","7":"category-principais-noticias","8":"tag-breaking-news","9":"tag-breakingnews","10":"tag-featured-news","11":"tag-featurednews","12":"tag-headlines","13":"tag-latest-news","14":"tag-latestnews","15":"tag-main-news","16":"tag-mainnews","17":"tag-news","18":"tag-noticias","19":"tag-noticias-principais","20":"tag-noticiasprincipais","21":"tag-portugal","22":"tag-principais-noticias","23":"tag-principaisnoticias","24":"tag-pt","25":"tag-top-stories","26":"tag-topstories","27":"tag-ultimas","28":"tag-ultimas-noticias","29":"tag-ultimasnoticias"},"share_on_mastodon":{"url":"https:\/\/pubeurope.com\/@pt\/115628861317798203","error":""},"_links":{"self":[{"href":"https:\/\/www.europesays.com\/pt\/wp-json\/wp\/v2\/posts\/168558","targetHints":{"allow":["GET"]}}],"collection":[{"href":"https:\/\/www.europesays.com\/pt\/wp-json\/wp\/v2\/posts"}],"about":[{"href":"https:\/\/www.europesays.com\/pt\/wp-json\/wp\/v2\/types\/post"}],"author":[{"embeddable":true,"href":"https:\/\/www.europesays.com\/pt\/wp-json\/wp\/v2\/users\/2"}],"replies":[{"embeddable":true,"href":"https:\/\/www.europesays.com\/pt\/wp-json\/wp\/v2\/comments?post=168558"}],"version-history":[{"count":0,"href":"https:\/\/www.europesays.com\/pt\/wp-json\/wp\/v2\/posts\/168558\/revisions"}],"wp:featuredmedia":[{"embeddable":true,"href":"https:\/\/www.europesays.com\/pt\/wp-json\/wp\/v2\/media\/168559"}],"wp:attachment":[{"href":"https:\/\/www.europesays.com\/pt\/wp-json\/wp\/v2\/media?parent=168558"}],"wp:term":[{"taxonomy":"category","embeddable":true,"href":"https:\/\/www.europesays.com\/pt\/wp-json\/wp\/v2\/categories?post=168558"},{"taxonomy":"post_tag","embeddable":true,"href":"https:\/\/www.europesays.com\/pt\/wp-json\/wp\/v2\/tags?post=168558"}],"curies":[{"name":"wp","href":"https:\/\/api.w.org\/{rel}","templated":true}]}}