{"id":168571,"date":"2025-11-28T19:10:09","date_gmt":"2025-11-28T19:10:09","guid":{"rendered":"https:\/\/www.europesays.com\/pt\/168571\/"},"modified":"2025-11-28T19:10:09","modified_gmt":"2025-11-28T19:10:09","slug":"trump-prestes-a-reconhecer-donbass-e-crimeia-como-territorio-russo","status":"publish","type":"post","link":"https:\/\/www.europesays.com\/pt\/168571\/","title":{"rendered":"Trump prestes a reconhecer Donbass e Crimeia como territ\u00f3rio russo"},"content":{"rendered":"<p>Donald Trump est\u00e1 a preparar-se para reconhecer as regi\u00f5es de Donbass e da Crimeia, anexadas ilegalmente pela R\u00fassia, como territ\u00f3rio russo, avan\u00e7a o <a aria-label=\"content\" target=\"_blank\" href=\"https:\/\/www.telegraph.co.uk\/world-news\/2025\/11\/28\/trump-to-recognise-occupied-ukraine-part-of-russia\/\" rel=\"nofollow noopener\">The Telegraph<\/a>.<\/p>\n<p>Segundo o jornal, uma delega\u00e7\u00e3o norte-americana composta por Steve Witkoff e Jared Kushner dever\u00e1 deslocar-se a Moscovo nos pr\u00f3ximos dias para apresentar formalmente a proposta do presidente dos Estados Unidos.<\/p>\n<p>O plano de reconhecimento do territ\u00f3rio, que rompe com a conven\u00e7\u00e3o diplom\u00e1tica americana, dever\u00e1 mesmo avan\u00e7ar, apesar das preocupa\u00e7\u00f5es dos aliados europeus da Ucr\u00e2nia.<\/p>\n<p>\u201c\u00c9 cada vez mais claro que os americanos n\u00e3o se importam com a posi\u00e7\u00e3o europeia. Dizem que os europeus podem fazer o que quiserem\u201d, afirmou uma fonte pr\u00f3xima do processo, citada pelo The Telegraph.<\/p>\n<p>Vladimir Putin afirmou esta quinta-feira que o reconhecimento legal da Crimeia e das regi\u00f5es de Donetsk e Luhansk como territ\u00f3rio russo por parte dos Estados Unidos \u00e9 uma das quest\u00f5es-chave nas negocia\u00e7\u00f5es sobre o plano de paz proposto por Trump. <\/p>\n<p>J\u00e1 esta sexta-feira o Kremlin adiantou ter recebido um plano revisto para o fim da guerra, elaborado ap\u00f3s a reuni\u00e3o de emerg\u00eancia entre representantes ucranianos e norte-americanos no passado fim de semana em Genebra, na Su\u00ed\u00e7a.<\/p>\n<p>O plano de paz inicial, de 28 pontos, previa o reconhecimento &#8220;de facto&#8221; da Crimeia e das duas regi\u00f5es orientais do Donbass por parte dos Estados Unidos, assim como dos territ\u00f3rios de Kherson e Zaporizhzhia, como russos. Por\u00e9m, EUA e Ucr\u00e2nia negociaram um novo plano de 19 pontos, menos favor\u00e1vel \u00e0 R\u00fassia. <\/p>\n<p>Ainda assim, a Ucr\u00e2nia n\u00e3o ser\u00e1 obrigada a reconhecer o controlo da R\u00fassia sobre os territ\u00f3rios que anexou ilegalmente desde 2014, uma vez que a sua Constitui\u00e7\u00e3o impede qualquer presidente ou governo de ceder territ\u00f3rio sem antes submeter a quest\u00e3o num referendo nacional.<\/p>\n<p>A mais recente proposta deixa espa\u00e7os em branco para as quest\u00f5es mais controversas, incluindo quaisquer concess\u00f5es territoriais finais, que ser\u00e3o preenchidas apenas ap\u00f3s uma nova reuni\u00e3o presencial entre Zelensky e Trump, cuja data ainda \u00e9 desconhecida.<\/p>\n","protected":false},"excerpt":{"rendered":"Donald Trump est\u00e1 a preparar-se para reconhecer as regi\u00f5es de Donbass e da Crimeia, anexadas ilegalmente pela R\u00fassia,&hellip;\n","protected":false},"author":2,"featured_media":168572,"comment_status":"","ping_status":"","sticky":false,"template":"","format":"standard","meta":{"footnotes":""},"categories":[50],"tags":[27,28,6389,92,12042,15,16,889,14,25,26,21,22,62,12,13,19,20,23,24,17,18,29,30,31,63,64,65],"class_list":{"0":"post-168571","1":"post","2":"type-post","3":"status-publish","4":"format-standard","5":"has-post-thumbnail","7":"category-mundo","8":"tag-breaking-news","9":"tag-breakingnews","10":"tag-crimeia","11":"tag-donald-trump","12":"tag-donbass","13":"tag-featured-news","14":"tag-featurednews","15":"tag-guerra-na-ucrania","16":"tag-headlines","17":"tag-latest-news","18":"tag-latestnews","19":"tag-main-news","20":"tag-mainnews","21":"tag-mundo","22":"tag-news","23":"tag-noticias","24":"tag-noticias-principais","25":"tag-noticiasprincipais","26":"tag-principais-noticias","27":"tag-principaisnoticias","28":"tag-top-stories","29":"tag-topstories","30":"tag-ultimas","31":"tag-ultimas-noticias","32":"tag-ultimasnoticias","33":"tag-world","34":"tag-world-news","35":"tag-worldnews"},"share_on_mastodon":{"url":"https:\/\/pubeurope.com\/@pt\/115628908640472841","error":""},"_links":{"self":[{"href":"https:\/\/www.europesays.com\/pt\/wp-json\/wp\/v2\/posts\/168571","targetHints":{"allow":["GET"]}}],"collection":[{"href":"https:\/\/www.europesays.com\/pt\/wp-json\/wp\/v2\/posts"}],"about":[{"href":"https:\/\/www.europesays.com\/pt\/wp-json\/wp\/v2\/types\/post"}],"author":[{"embeddable":true,"href":"https:\/\/www.europesays.com\/pt\/wp-json\/wp\/v2\/users\/2"}],"replies":[{"embeddable":true,"href":"https:\/\/www.europesays.com\/pt\/wp-json\/wp\/v2\/comments?post=168571"}],"version-history":[{"count":0,"href":"https:\/\/www.europesays.com\/pt\/wp-json\/wp\/v2\/posts\/168571\/revisions"}],"wp:featuredmedia":[{"embeddable":true,"href":"https:\/\/www.europesays.com\/pt\/wp-json\/wp\/v2\/media\/168572"}],"wp:attachment":[{"href":"https:\/\/www.europesays.com\/pt\/wp-json\/wp\/v2\/media?parent=168571"}],"wp:term":[{"taxonomy":"category","embeddable":true,"href":"https:\/\/www.europesays.com\/pt\/wp-json\/wp\/v2\/categories?post=168571"},{"taxonomy":"post_tag","embeddable":true,"href":"https:\/\/www.europesays.com\/pt\/wp-json\/wp\/v2\/tags?post=168571"}],"curies":[{"name":"wp","href":"https:\/\/api.w.org\/{rel}","templated":true}]}}