{"id":168579,"date":"2025-11-28T19:20:09","date_gmt":"2025-11-28T19:20:09","guid":{"rendered":"https:\/\/www.europesays.com\/pt\/168579\/"},"modified":"2025-11-28T19:20:09","modified_gmt":"2025-11-28T19:20:09","slug":"hospital-estadual-central-realiza-captacao-de-pulmoes-apos-cinco-anos-sem-registrar-este-procedimento","status":"publish","type":"post","link":"https:\/\/www.europesays.com\/pt\/168579\/","title":{"rendered":"Hospital Estadual Central realiza capta\u00e7\u00e3o de pulm\u00f5es ap\u00f3s cinco anos sem registrar este procedimento"},"content":{"rendered":"<p>Depois de cinco anos sem registrar uma capta\u00e7\u00e3o de pulm\u00f5es, o Hospital Estadual Central (HEC) voltou a realizar o procedimento nessa quarta-feira (26). De acordo com a equipe m\u00e9dica, a capta\u00e7\u00e3o pulmonar est\u00e1 entre as mais complexas e menos frequentes. Para viabilizar a retirada dos pulm\u00f5es, uma equipe especializada vinda de S\u00e3o Paulo atuou no HEC, juntamente com a equipe local. O Hospital Central \u00e9 uma das unidades gerenciadas pela Funda\u00e7\u00e3o Estadual de Inova\u00e7\u00e3o em Sa\u00fade (iNOVA Capixaba).<\/p>\n<p>Mesmo sendo um dos hospitais com maior n\u00famero de capta\u00e7\u00f5es de \u00f3rg\u00e3os no Esp\u00edrito Santo, o HEC n\u00e3o realizava uma capta\u00e7\u00e3o de pulm\u00e3o desde 2019. Nesta opera\u00e7\u00e3o, al\u00e9m dos pulm\u00f5es, tamb\u00e9m foram captados c\u00f3rneas, f\u00edgado e rins.<\/p>\n<p>A presidente da CIHDOTT do Hospital Estadual Central, Edneia Kuhn, destacou o significado da a\u00e7\u00e3o. \u201cUma capta\u00e7\u00e3o pulmonar mobiliza intensamente toda a equipe. Sabemos o quanto \u00e9 dif\u00edcil encontrar um pulm\u00e3o apto para doa\u00e7\u00e3o e o quanto esse gesto transforma vidas. \u00c9 sempre um momento de emo\u00e7\u00e3o. Agradecemos profundamente \u00e0 fam\u00edlia do doador, que, num momento de dor, escolheu ajudar outras pessoas\u201d, disse.<\/p>\n<p>Segundo dados do Sistema Nacional de Transplantes (SNT), 265 pessoas aguardam um transplante de pulm\u00e3o no Brasil de janeiro deste ano at\u00e9 essa quinta-feira (27), e 87 procedimentos foram realizados no Pa\u00eds nesse per\u00edodo.<\/p>\n<p><strong>Sobre a Funda\u00e7\u00e3o<\/strong><\/p>\n<p>Criada em 05 de mar\u00e7o de 2020 pelo Governo do Estado do Esp\u00edrito Santo \u2014 por meio do Decreto N\u00ba 4585-R \u2014 a Funda\u00e7\u00e3o Estadual de Inova\u00e7\u00e3o em Sa\u00fade (iNOVA Capixaba) \u00e9 uma funda\u00e7\u00e3o p\u00fablica com personalidade jur\u00eddica de direito privado, vinculada \u00e0 Secretaria da Sa\u00fade (Sesa). Dotada de autonomia administrativa, financeira e patrimonial, conforme a Lei Complementar N\u00b0 924 de 17 de outubro de 2019, a iNOVA Capixaba tem como miss\u00e3o aperfei\u00e7oar a gest\u00e3o hospitalar, promovendo a melhoria da sa\u00fade p\u00fablica, redu\u00e7\u00e3o de custos, regulamenta\u00e7\u00e3o de compras e cumprimento de metas de desempenho. A iNOVA desenvolve um modelo focado na presta\u00e7\u00e3o de servi\u00e7os \u00e1geis e resolutivos, com o objetivo de solucionar demandas estruturais do sistema de sa\u00fade no Esp\u00edrito Santo.<\/p>\n<p>\u00a0<\/p>\n<p><strong>Informa\u00e7\u00f5es \u00e0 Imprensa: <\/strong><\/p>\n<p>Assessoria de Comunica\u00e7\u00e3o da Sesa<\/p>\n<p>Syria Luppi \/ Luciana Almeida \/ Danielly Campos \/ Tha\u00edsa C\u00f4rtes \/ Ana Cl\u00e1udia dos Santos<\/p>\n<p><a href=\"https:\/\/saude.es.gov.br\/Not%C3%ADcia\/mailto:asscom@saude.es.gov.br\" rel=\"nofollow noopener\" target=\"_blank\">asscom@saude.es.gov.br<\/a><\/p>\n<p>Comunica\u00e7\u00e3o iNOVA Capixaba<\/p>\n<p>Luan Ribeiro \/ Giuliana Pedrini \/ Henrique Alves \/ Vin\u00edcius Gusm\u00e3o \/ Anna Beatriz Figueiredo<\/p>\n<p><a href=\"https:\/\/saude.es.gov.br\/Not%C3%ADcia\/mailto:comunicacao@inovacapixaba.es.gov.br\" rel=\"nofollow noopener\" target=\"_blank\">comunicacao@inovacapixaba.es.gov.br<\/a><\/p>\n<p>\u00a0<\/p>\n","protected":false},"excerpt":{"rendered":"Depois de cinco anos sem registrar uma capta\u00e7\u00e3o de pulm\u00f5es, o Hospital Estadual Central (HEC) voltou a realizar&hellip;\n","protected":false},"author":2,"featured_media":168580,"comment_status":"","ping_status":"","sticky":false,"template":"","format":"standard","meta":{"footnotes":""},"categories":[86],"tags":[924,116,32,33,117,10254],"class_list":{"0":"post-168579","1":"post","2":"type-post","3":"status-publish","4":"format-standard","5":"has-post-thumbnail","7":"category-saude","8":"tag-governo-do-estado-do-espirito-santo","9":"tag-health","10":"tag-portugal","11":"tag-pt","12":"tag-saude","13":"tag-sesa"},"share_on_mastodon":{"url":"https:\/\/pubeurope.com\/@pt\/115628947848671074","error":""},"_links":{"self":[{"href":"https:\/\/www.europesays.com\/pt\/wp-json\/wp\/v2\/posts\/168579","targetHints":{"allow":["GET"]}}],"collection":[{"href":"https:\/\/www.europesays.com\/pt\/wp-json\/wp\/v2\/posts"}],"about":[{"href":"https:\/\/www.europesays.com\/pt\/wp-json\/wp\/v2\/types\/post"}],"author":[{"embeddable":true,"href":"https:\/\/www.europesays.com\/pt\/wp-json\/wp\/v2\/users\/2"}],"replies":[{"embeddable":true,"href":"https:\/\/www.europesays.com\/pt\/wp-json\/wp\/v2\/comments?post=168579"}],"version-history":[{"count":0,"href":"https:\/\/www.europesays.com\/pt\/wp-json\/wp\/v2\/posts\/168579\/revisions"}],"wp:featuredmedia":[{"embeddable":true,"href":"https:\/\/www.europesays.com\/pt\/wp-json\/wp\/v2\/media\/168580"}],"wp:attachment":[{"href":"https:\/\/www.europesays.com\/pt\/wp-json\/wp\/v2\/media?parent=168579"}],"wp:term":[{"taxonomy":"category","embeddable":true,"href":"https:\/\/www.europesays.com\/pt\/wp-json\/wp\/v2\/categories?post=168579"},{"taxonomy":"post_tag","embeddable":true,"href":"https:\/\/www.europesays.com\/pt\/wp-json\/wp\/v2\/tags?post=168579"}],"curies":[{"name":"wp","href":"https:\/\/api.w.org\/{rel}","templated":true}]}}