{"id":168585,"date":"2025-11-28T19:25:21","date_gmt":"2025-11-28T19:25:21","guid":{"rendered":"https:\/\/www.europesays.com\/pt\/168585\/"},"modified":"2025-11-28T19:25:21","modified_gmt":"2025-11-28T19:25:21","slug":"ministro-da-defesa-admite-erro-no-curriculo-e-demite-se-observador","status":"publish","type":"post","link":"https:\/\/www.europesays.com\/pt\/168585\/","title":{"rendered":"Ministro da Defesa admite erro no curr\u00edculo e demite-se \u2013 Observador"},"content":{"rendered":"<p>O ministro afirmou tratar-se de um <strong>\u201cerro\u201d que o envergonha, atribu\u00eddo \u00e0 utiliza\u00e7\u00e3o de um modelo de curr\u00edculo descarregado da internet.<\/strong><\/p>\n<p>A imprensa descobriu informa\u00e7\u00f5es alteradas em sucessivas vers\u00f5es do curriculum vitae de Ionut Mosteanu.<\/p>\n<p>O jornal Libertatea\u00a0revelou que Mosteanu, membro do partido centrista Uni\u00e3o para Salvar a Rom\u00e9nia (USR), afirmou ter-se licenciado em Gest\u00e3o de Empresas pela universidade privada Athenaeum, onde, na realidade, nunca estudou.<\/p>\n<p>Numa vers\u00e3o posterior, constava que possu\u00eda um diploma em Engenharia pela Faculdade de Engenharia e Gest\u00e3o de Agroturismo da Universidade Bioterra, que \u00e9 privada, com estudos supostamente conclu\u00eddos em 2015, mas com um diploma emitido em 2018.<\/p>\n<p>Antes de obter este diploma oficial, Mosteanu apresentou um certificado provis\u00f3rio que lhe permitia ocupar v\u00e1rios cargos de alto n\u00edvel, incluindo o de secret\u00e1rio de Estado no Minist\u00e9rio dos Transportes e membro do conselho de administra\u00e7\u00e3o da companhia a\u00e9rea nacional Tarom.<\/p>\n<p>Ap\u00f3s reportagens na imprensa, o ministro anunciou a sua <strong>demiss\u00e3o \u201cpor respeito ao Ex\u00e9rcito Romeno\u201d e para evitar afetar a gest\u00e3o governamental num contexto de seguran\u00e7a complexo<\/strong>.<\/p>\n<p>O primeiro-ministro, o conservador Ilie Bolojan, aceitou a demiss\u00e3o.<\/p>\n<p>O Governo romeno \u00e9 uma coliga\u00e7\u00e3o entre o Partido Social-Democrata (PSD), o conservador Partido Nacional Liberal (USR) e o partido minorit\u00e1rio h\u00fangaro. At\u00e9 que o USR proponha um novo ministro da Defesa, a pasta ser\u00e1 ocupada temporariamente pelo Ministro da Economia, Radu Miruta.<\/p>\n<p>A sa\u00edda do ministro coincide com a apresenta\u00e7\u00e3o, esta semana, da nova Estrat\u00e9gia Nacional de Defesa para os pr\u00f3ximos cinco anos, que se centra na amea\u00e7a russa e na \u201cindepend\u00eancia baseada na solidariedade\u201d, procurando refor\u00e7ar os interesses nacionais sem enfraquecer os compromissos com a NATO, a Uni\u00e3o Europeia (UE) e os parceiros estrat\u00e9gicos.<\/p>\n","protected":false},"excerpt":{"rendered":"O ministro afirmou tratar-se de um \u201cerro\u201d que o envergonha, atribu\u00eddo \u00e0 utiliza\u00e7\u00e3o de um modelo de curr\u00edculo&hellip;\n","protected":false},"author":2,"featured_media":168586,"comment_status":"","ping_status":"","sticky":false,"template":"","format":"standard","meta":{"footnotes":""},"categories":[50],"tags":[27,28,445,15,16,14,25,26,21,22,62,12,13,19,20,302,23,24,35370,17,18,29,30,31,63,64,65],"class_list":{"0":"post-168585","1":"post","2":"type-post","3":"status-publish","4":"format-standard","5":"has-post-thumbnail","7":"category-mundo","8":"tag-breaking-news","9":"tag-breakingnews","10":"tag-europa","11":"tag-featured-news","12":"tag-featurednews","13":"tag-headlines","14":"tag-latest-news","15":"tag-latestnews","16":"tag-main-news","17":"tag-mainnews","18":"tag-mundo","19":"tag-news","20":"tag-noticias","21":"tag-noticias-principais","22":"tag-noticiasprincipais","23":"tag-polu00edtica","24":"tag-principais-noticias","25":"tag-principaisnoticias","26":"tag-romu00e9nia","27":"tag-top-stories","28":"tag-topstories","29":"tag-ultimas","30":"tag-ultimas-noticias","31":"tag-ultimasnoticias","32":"tag-world","33":"tag-world-news","34":"tag-worldnews"},"share_on_mastodon":{"url":"https:\/\/pubeurope.com\/@pt\/115628967451336178","error":""},"_links":{"self":[{"href":"https:\/\/www.europesays.com\/pt\/wp-json\/wp\/v2\/posts\/168585","targetHints":{"allow":["GET"]}}],"collection":[{"href":"https:\/\/www.europesays.com\/pt\/wp-json\/wp\/v2\/posts"}],"about":[{"href":"https:\/\/www.europesays.com\/pt\/wp-json\/wp\/v2\/types\/post"}],"author":[{"embeddable":true,"href":"https:\/\/www.europesays.com\/pt\/wp-json\/wp\/v2\/users\/2"}],"replies":[{"embeddable":true,"href":"https:\/\/www.europesays.com\/pt\/wp-json\/wp\/v2\/comments?post=168585"}],"version-history":[{"count":0,"href":"https:\/\/www.europesays.com\/pt\/wp-json\/wp\/v2\/posts\/168585\/revisions"}],"wp:featuredmedia":[{"embeddable":true,"href":"https:\/\/www.europesays.com\/pt\/wp-json\/wp\/v2\/media\/168586"}],"wp:attachment":[{"href":"https:\/\/www.europesays.com\/pt\/wp-json\/wp\/v2\/media?parent=168585"}],"wp:term":[{"taxonomy":"category","embeddable":true,"href":"https:\/\/www.europesays.com\/pt\/wp-json\/wp\/v2\/categories?post=168585"},{"taxonomy":"post_tag","embeddable":true,"href":"https:\/\/www.europesays.com\/pt\/wp-json\/wp\/v2\/tags?post=168585"}],"curies":[{"name":"wp","href":"https:\/\/api.w.org\/{rel}","templated":true}]}}