{"id":168601,"date":"2025-11-28T19:44:14","date_gmt":"2025-11-28T19:44:14","guid":{"rendered":"https:\/\/www.europesays.com\/pt\/168601\/"},"modified":"2025-11-28T19:44:14","modified_gmt":"2025-11-28T19:44:14","slug":"associacoes-da-gnr-sairam-desiludidas-do-mai-e-avancam-com-protestos","status":"publish","type":"post","link":"https:\/\/www.europesays.com\/pt\/168601\/","title":{"rendered":"Associa\u00e7\u00f5es da GNR sa\u00edram desiludidas do MAI e avan\u00e7am com protestos"},"content":{"rendered":"<p>                A ministra apresentou \u00e0s cinco associa\u00e7\u00f5es socioprofissionais uma proposta inicial do Governo para negocia\u00e7\u00e3o, que contempla no imediato a revis\u00e3o dos servi\u00e7os remunerados e &#8220;sem<br \/>\ndata de concretiza\u00e7\u00e3o&#8221; as altera\u00e7\u00f5es \u00e0 portaria de higiene e sa\u00fade no<br \/>\ntrabalho, carreiras e estatuto remunerat\u00f3rio e sistema de avalia\u00e7\u00e3o.<\/p>\n<p>&#13;<br \/>\n<b>&#13;<br \/>\nDe acordo com as estruturas sindicais, o Minist\u00e9rio prop\u00f5e a altera\u00e7\u00e3o aos suplementos especiais da GNR e aos gratificados. A GNR, por sua vez, exige medidas concretas sobre a tabela salarial.&#13;<br \/>\n<\/b>&#13;\n<\/p>\n<p>&#13;<br \/>\n&#8220;<b>Transmitimos \u00e0 ministra que aquilo que apresentou foi muito pouco. <\/b>Apesar de a dire\u00e7\u00e3o da APG ainda se ir reunir, mas vai reunir-se para decidir formas de protesto&#8221;, disse o presidente da associa\u00e7\u00e3o mais representativa dos militares da GNR, C\u00e9sar Nogueira, aos jornalistas, no final de uma reuni\u00e3o com a ministra Maria L\u00facia Amaral. <\/p>\n<p>          <img decoding=\"async\" itemprop=\"image\" class=\"img-fluid\"   src=\"https:\/\/www.europesays.com\/pt\/wp-content\/uploads\/2025\/11\/3c44e249e8a47b5735cd5866fb50f3b6_N.jpg\"\/><\/p>\n<p> A ministra deu ainda conhecimento de que o suplemento especial de servi\u00e7o, destinado aos militares que trabalham na investiga\u00e7\u00e3o criminal e unidades especiais, vai ser aumentado em 2,15% em janeiro de 2026, o que se traduz, segundo as associa\u00e7\u00f5es, num aumento entre os tr\u00eas e os sete euros mensais, dependendo das fun\u00e7\u00f5es.<\/p>\n<p>&#13;<br \/>\nDa parte da tarde desta sexta-feira, Maria L\u00facia Amaral re\u00fane com os sindicatos da PSP.&#13;<\/p>\n","protected":false},"excerpt":{"rendered":"A ministra apresentou \u00e0s cinco associa\u00e7\u00f5es socioprofissionais uma proposta inicial do Governo para negocia\u00e7\u00e3o, que contempla no imediato&hellip;\n","protected":false},"author":2,"featured_media":168602,"comment_status":"","ping_status":"","sticky":false,"template":"","format":"standard","meta":{"footnotes":""},"categories":[8],"tags":[27,28,15,16,2002,14,25,26,21,22,12,13,19,20,32,23,24,1306,33,17,18,29,30,31],"class_list":{"0":"post-168601","1":"post","2":"type-post","3":"status-publish","4":"format-standard","5":"has-post-thumbnail","7":"category-principais-noticias","8":"tag-breaking-news","9":"tag-breakingnews","10":"tag-featured-news","11":"tag-featurednews","12":"tag-gnr","13":"tag-headlines","14":"tag-latest-news","15":"tag-latestnews","16":"tag-main-news","17":"tag-mainnews","18":"tag-news","19":"tag-noticias","20":"tag-noticias-principais","21":"tag-noticiasprincipais","22":"tag-portugal","23":"tag-principais-noticias","24":"tag-principaisnoticias","25":"tag-psp","26":"tag-pt","27":"tag-top-stories","28":"tag-topstories","29":"tag-ultimas","30":"tag-ultimas-noticias","31":"tag-ultimasnoticias"},"share_on_mastodon":{"url":"https:\/\/pubeurope.com\/@pt\/115629042537164218","error":""},"_links":{"self":[{"href":"https:\/\/www.europesays.com\/pt\/wp-json\/wp\/v2\/posts\/168601","targetHints":{"allow":["GET"]}}],"collection":[{"href":"https:\/\/www.europesays.com\/pt\/wp-json\/wp\/v2\/posts"}],"about":[{"href":"https:\/\/www.europesays.com\/pt\/wp-json\/wp\/v2\/types\/post"}],"author":[{"embeddable":true,"href":"https:\/\/www.europesays.com\/pt\/wp-json\/wp\/v2\/users\/2"}],"replies":[{"embeddable":true,"href":"https:\/\/www.europesays.com\/pt\/wp-json\/wp\/v2\/comments?post=168601"}],"version-history":[{"count":0,"href":"https:\/\/www.europesays.com\/pt\/wp-json\/wp\/v2\/posts\/168601\/revisions"}],"wp:featuredmedia":[{"embeddable":true,"href":"https:\/\/www.europesays.com\/pt\/wp-json\/wp\/v2\/media\/168602"}],"wp:attachment":[{"href":"https:\/\/www.europesays.com\/pt\/wp-json\/wp\/v2\/media?parent=168601"}],"wp:term":[{"taxonomy":"category","embeddable":true,"href":"https:\/\/www.europesays.com\/pt\/wp-json\/wp\/v2\/categories?post=168601"},{"taxonomy":"post_tag","embeddable":true,"href":"https:\/\/www.europesays.com\/pt\/wp-json\/wp\/v2\/tags?post=168601"}],"curies":[{"name":"wp","href":"https:\/\/api.w.org\/{rel}","templated":true}]}}