{"id":168607,"date":"2025-11-28T19:52:15","date_gmt":"2025-11-28T19:52:15","guid":{"rendered":"https:\/\/www.europesays.com\/pt\/168607\/"},"modified":"2025-11-28T19:52:15","modified_gmt":"2025-11-28T19:52:15","slug":"dezembro-vermelho-relembra-importancia-da-prevencao-contra-hiv-aids-e-da-adesao-ao-tratamento","status":"publish","type":"post","link":"https:\/\/www.europesays.com\/pt\/168607\/","title":{"rendered":"Dezembro Vermelho relembra import\u00e2ncia da preven\u00e7\u00e3o contra HIV\/aids e da ades\u00e3o ao tratamento"},"content":{"rendered":"<p>&#13;<br \/>\n        &#13;<br \/>\n            &#13;<br \/>\n&#13;<br \/>\n            &#13;<br \/>\n&#13;<br \/>\n            &#13;<br \/>\n                <a href=\"\">28 de novembro de 2025 &#8211; 16:23<\/a>&#13;<br \/>\n                                      #<a href=\"https:\/\/www.ceara.gov.br\/tag\/dezembro-vermelho\/\" rel=\"tag nofollow noopener\" target=\"_blank\">dezembro vermelho<\/a> #<a href=\"https:\/\/www.ceara.gov.br\/tag\/hiv-aids\/\" rel=\"tag nofollow noopener\" target=\"_blank\">HIV\/Aids<\/a> #<a href=\"https:\/\/www.ceara.gov.br\/tag\/tratamento\/\" rel=\"tag nofollow noopener\" target=\"_blank\">tratamento<\/a> &#13;<br \/>\n                            &#13;<br \/>\n&#13;<\/p>\n<p> Allane Marreiro &#8211; Ascom HSJ &#8211; Texto <br \/>&#13;<br \/>\n Ascom HSJ &#8211; Fotos <\/p>\n<p>                &#13;<br \/>\n            &#13;<\/p>\n<p style=\"text-align: center\"><img fetchpriority=\"high\" decoding=\"async\" class=\"aligncenter wp-image-149164\" src=\"https:\/\/www.europesays.com\/pt\/wp-content\/uploads\/2025\/11\/HSJ-DEZEMBRO-VERMELHO-FOTO-1-600x406.jpeg\" alt=\"\" width=\"775\" height=\"525\"\/>A camisinha ainda \u00e9 o melhor m\u00e9todo de preven\u00e7\u00e3o porque protege tanto para a infec\u00e7\u00e3o pelo HIV, como para outras infec\u00e7\u00f5es sexualmente transmiss\u00edveis (ISTs)<\/p>\n<p>Apesar dos avan\u00e7os cient\u00edficos e sociais, quando se fala de\u00a0<strong>HIV\/aids<\/strong>, o tema ainda \u00e9 cercado de\u00a0<strong>tabus e receios<\/strong>. Muitas pessoas t\u00eam d\u00favidas, medos e carregam estigmas que j\u00e1 n\u00e3o condizem com a realidade atual. Hoje se sabe que, para a infec\u00e7\u00e3o pelo HIV, existem preven\u00e7\u00e3o combinada, teste r\u00e1pido para diagn\u00f3stico, tratamento eficaz e que, quando o paciente tem a ades\u00e3o e manuten\u00e7\u00e3o correta do tratamento, pode viver de forma plena, saud\u00e1vel e com qualidade de vida. Com a chegada do \u00faltimo m\u00eas do ano, a\u00a0<strong>campanha Dezembro Vermelho<\/strong>\u00a0surge justamente para\u00a0<strong>refor\u00e7ar essa conscientiza\u00e7\u00e3o<\/strong>,<strong>\u00a0ampliar o acesso \u00e0 informa\u00e7\u00e3o\u00a0<\/strong>e<strong>\u00a0oferecer respostas seguras sobre o tema<\/strong>.<\/p>\n<p>A\u00a0<strong>Secretaria da Sa\u00fade do Cear\u00e1 (Sesa)<\/strong>\u00a0refor\u00e7a que prevenir, testar e tratar s\u00e3o pilares essenciais para controlar o surgimento de novos casos e garantir qualidade de vida \u00e0s pessoas que vivem com HIV. Entre 1983 e novembro de 2025, segundo dados da C\u00e9lula de Vigil\u00e2ncia e Preven\u00e7\u00e3o Epidemiol\u00f3gica de Doen\u00e7as Transmiss\u00edveis e N\u00e3o Transmiss\u00edveis (Cevep) da Sesa, a partir dos sistemas Sinan Windows e SinanNet, o estado registrou 27.516 casos de aids em adultos, 473 em crian\u00e7as e 25.542 casos de infec\u00e7\u00e3o pelo HIV.<\/p>\n<p>De acordo com o m\u00e9dico epidemiologista e orientador da Cevep, Carlos Garcia, em 2025, as taxas de detec\u00e7\u00e3o de infec\u00e7\u00e3o pelo HIV em adultos se mantiveram superiores \u00e0s de pessoas com aids dos \u00faltimos dez anos (2015\u20132024). \u201c\u00c9 um reflexo direto da amplia\u00e7\u00e3o do acesso \u00e0 testagem. Isso inclui a oferta do autoteste, que permite que mais pessoas conhe\u00e7am sua sorologia de maneira r\u00e1pida e segura\u201d. Lembrando que nem toda pessoa que vive com HIV desenvolve a doen\u00e7a, j\u00e1 que com o tratamento correto, a carga viral pode ficar indetect\u00e1vel.<\/p>\n<p style=\"text-align: center\"><img loading=\"lazy\" decoding=\"async\" class=\"aligncenter wp-image-149163\" src=\"https:\/\/www.europesays.com\/pt\/wp-content\/uploads\/2025\/11\/HSJ-DEZEMBRO-VERMELHO-FOTO-2-600x450.jpg\" alt=\"\" width=\"775\" height=\"581\"\/>A m\u00e9dica infectologista Lara T\u00e1vora, diretora m\u00e9dica do HSJ, afirma que os avan\u00e7os no tratamento do HIV foram significativos e a cura definitiva permanece sendo o objetivo maior<\/p>\n<p>A m\u00e9dica infectologista Lara T\u00e1vora, diretora m\u00e9dica do\u00a0<strong>Hospital S\u00e3o Jos\u00e9 de Doen\u00e7as Infecciosas (HSJ)<\/strong>, unidade da Rede Sesa e refer\u00eancia no assunto, diz que o\u00a0<strong>uso da camisinha continua sendo o m\u00e9todo mais eficaz para prevenir o HIV e outras infec\u00e7\u00f5es sexualmente transmiss\u00edveis (ISTs)<\/strong>.<\/p>\n<p>\u201cA\u00a0<strong>camisinha protege em todas as formas de rela\u00e7\u00e3o sexual<\/strong>\u00a0e deve ser utilizada sempre que houver risco de exposi\u00e7\u00e3o. No entanto, apenas a promo\u00e7\u00e3o do preservativo n\u00e3o foi suficiente para conter o aumento de casos nos \u00faltimos anos. Por isso, o Minist\u00e9rio da Sa\u00fade consolidou a estrat\u00e9gia da preven\u00e7\u00e3o combinada, que integra diferentes formas de prote\u00e7\u00e3o. Essa abordagem trouxe um ganho importante para o controle da epidemia, pois re\u00fane o uso do preservativo, a PEP [Profilaxia P\u00f3s-Exposi\u00e7\u00e3o], a PrEP [Profilaxia Pr\u00e9-Exposi\u00e7\u00e3o], a testagem precoce \u2014 especialmente em gestantes \u2014 e o in\u00edcio imediato do tratamento em caso de diagn\u00f3stico positivo\u201d, destaca a especialista.<\/p>\n<p>O Cear\u00e1 tem avan\u00e7ado em iniciativas que ampliam o alcance dessas estrat\u00e9gias. O orientador da Cevep, Carlos Garcia, completa ainda que, em 2025, houve o fortalecimento do\u00a0<strong>TelePrEP e TelePEP,<\/strong>\u00a0um refor\u00e7o nesse cen\u00e1rio. \u201c\u00c9 uma inova\u00e7\u00e3o que facilita o acesso \u00e0 preven\u00e7\u00e3o, sobretudo em regi\u00f5es remotas do estado. Por meio do teleatendimento, os usu\u00e1rios recebem orienta\u00e7\u00e3o especializada e acompanhamento para o uso da profilaxia pr\u00e9-exposi\u00e7\u00e3o e p\u00f3s-exposi\u00e7\u00e3o, ampliando a prote\u00e7\u00e3o e reduzindo barreiras geogr\u00e1ficas\u201d, explica.<\/p>\n<p><strong>Leia mais:<\/strong>\u00a0<a href=\"https:\/\/www.saude.ce.gov.br\/2025\/02\/17\/conheca-o-servico-on-line-de-orientacao-sobre-prevencao-combinada-contra-o-hiv\/\" rel=\"nofollow noopener\" target=\"_blank\">Conhe\u00e7a o servi\u00e7o on-line de orienta\u00e7\u00e3o sobre preven\u00e7\u00e3o combinada contra o HIV<\/a><\/p>\n<p>Diferen\u00e7as e recomenda\u00e7\u00f5es para PEP e PrEP<\/p>\n<p style=\"text-align: center\"><img loading=\"lazy\" decoding=\"async\" class=\"aligncenter wp-image-149161\" src=\"https:\/\/www.europesays.com\/pt\/wp-content\/uploads\/2025\/11\/HSJ-DEZEMBRO-VERMELHO-FOTO-3-600x450.jpeg\" alt=\"\" width=\"775\" height=\"581\"\/>A estrat\u00e9gia da preven\u00e7\u00e3o combinada, integra diferentes formas de prote\u00e7\u00e3o, mas \u00e9 importante se atentar para a indica\u00e7\u00e3o de cada uma<\/p>\n<p>A\u00a0<strong>Profilaxia P\u00f3s-Exposi\u00e7\u00e3o (PEP)<\/strong>\u00a0\u00e9 indicada para situa\u00e7\u00f5es de risco ocorridas nas \u00faltimas 72 horas, desde que o teste para HIV realizado no atendimento de emerg\u00eancia seja negativo. \u00c9 recomendada em casos de: rela\u00e7\u00e3o sexual sem preservativo, viol\u00eancia sexual e acidentes ocupacionais com instrumentos perfurocortantes, como agulhas ou l\u00e2minas.<\/p>\n<p>A PEP utiliza a mesma combina\u00e7\u00e3o inicial de medicamentos empregada no tratamento do HIV, por\u00e9m por um per\u00edodo de 28 dias. Quanto mais r\u00e1pido iniciar, maiores as chances de evitar a infec\u00e7\u00e3o.<\/p>\n<p>J\u00e1 a\u00a0<strong>Profilaxia Pr\u00e9-Exposi\u00e7\u00e3o (PrEP)<\/strong>\u00a0\u00e9 uma estrat\u00e9gia preventiva indicada para pessoas que vivem situa\u00e7\u00f5es recorrentes de risco para o HIV. Ela \u00e9 recomendada para: profissionais do sexo; pessoas com m\u00faltiplos parceiros e baixa ades\u00e3o ao uso de preservativo; indiv\u00edduos que se relacionam com parceiros soropositivos sem tratamento adequado; pessoas que apresentam ISTs com frequ\u00eancia, como s\u00edfilis e gonorreia.<\/p>\n<p>A PrEP consiste no uso de antirretrovirais que podem ser tomados diariamente ou sob demanda (antes de rela\u00e7\u00f5es espec\u00edficas). Esses medicamentos reduzem drasticamente a chance de infec\u00e7\u00e3o pelo v\u00edrus.<\/p>\n<p>A import\u00e2ncia da testagem regular<\/p>\n<p>A testagem \u00e9 fundamental para o diagn\u00f3stico precoce e para interromper a cadeia de transmiss\u00e3o. A recomenda\u00e7\u00e3o varia conforme o risco de exposi\u00e7\u00e3o:<\/p>\n<p>+ Pessoas com maior vulnerabilidade, como profissionais do sexo ou usu\u00e1rios de drogas injet\u00e1veis, devem testar-se pelo menos a cada seis meses;<\/p>\n<p>+ Pessoas com m\u00faltiplos parceiros ou que n\u00e3o usam preservativo regularmente devem realizar testagens peri\u00f3dicas;<\/p>\n<p>+ Gestantes, obrigatoriamente, fazem testagem no pr\u00e9-natal em dois momentos distintos, garantindo a preven\u00e7\u00e3o da transmiss\u00e3o vertical;<\/p>\n<p>+ Pessoas em relacionamentos est\u00e1veis e monog\u00e2micos tamb\u00e9m devem se testar pelo menos uma vez na vida.<\/p>\n<p>Os\u00a0<strong>testes r\u00e1pidos podem ser realizados gratuitamente pelo SUS em todas as Unidades B\u00e1sicas de Sa\u00fade do Estado<\/strong>. O diagn\u00f3stico precoce \u00e9 essencial para iniciar rapidamente o tratamento e reduzir complica\u00e7\u00f5es.<\/p>\n<p>Tratamento: viver bem \u00e9 poss\u00edvel \u2014 e necess\u00e1rio<\/p>\n<p><img loading=\"lazy\" decoding=\"async\" class=\"aligncenter wp-image-149160\" src=\"https:\/\/www.europesays.com\/pt\/wp-content\/uploads\/2025\/11\/HSJ-DEZEMBRO-VERMELHO-FOTO-4-600x450.jpeg\" alt=\"\" width=\"775\" height=\"581\"\/>No Cear\u00e1, o Hospital S\u00e3o Jos\u00e9 \u00e9 refer\u00eancia no tratamento de pessoas que vivem com Hiv\/Aids<\/p>\n<p>Em caso de acidentes ocupacionais com materiais perfurocortantes, viol\u00eancia sexual, rompimento de preservativo ou rela\u00e7\u00e3o desprotegida, a recomenda\u00e7\u00e3o \u00e9 procurar atendimento na\u00a0<strong>emerg\u00eancia do Hospital S\u00e3o Jos\u00e9 (HSJ)<\/strong>\u00a0para a realiza\u00e7\u00e3o da Profilaxia P\u00f3s-Exposi\u00e7\u00e3o (PEP).<\/p>\n<p>J\u00e1 se o resultado der positivo para HIV no teste r\u00e1pido realizado no posto de sa\u00fade, a enfermeira Thatiana Pereira, coordenadora do Ambulat\u00f3rio do HSJ, explica que, para ter acesso aos servi\u00e7os ambulatoriais do HSJ, os pacientes precisam ser encaminhados.<\/p>\n<p>\u201cOs pacientes que realizam os testes nas Unidades B\u00e1sicas de Sa\u00fade (UBS) dos munic\u00edpios do interior em que s\u00e3o residentes s\u00e3o encaminhados para o HSJ. Ao chegar aqui, o paciente passa por uma triagem realizada pela equipe de enfermagem, que solicita os exames necess\u00e1rios. No caso dos pacientes residentes em Fortaleza, s\u00e3o encaminhados para atendimentos nas policl\u00ednicas\u201d, orienta.<\/p>\n<p><img loading=\"lazy\" decoding=\"async\" class=\"aligncenter wp-image-149162\" src=\"https:\/\/www.europesays.com\/pt\/wp-content\/uploads\/2025\/11\/HSJ-DEZEMBRO-VERMELHO-FOTO-5-600x338.jpeg\" alt=\"\" width=\"775\" height=\"436\"\/>O tratamento atual do HIV consiste em apenas duas drogas; no in\u00edcio, pacientes chegavam a tomar at\u00e9 dez drogas por dia<\/p>\n<p>De acordo com a diretora m\u00e9dica do HSJ, Lara T\u00e1vora, ap\u00f3s o diagn\u00f3stico, a\u00a0<strong>terapia antirretroviral<\/strong>\u00a0\u00e9 o principal instrumento para garantir sa\u00fade, bem-estar e longevidade.\u00a0<strong>A ades\u00e3o adequada impede que o v\u00edrus se replique<\/strong>, reduzindo a carga viral at\u00e9 n\u00edveis indetect\u00e1veis.<\/p>\n<p>\u201cUma vez voc\u00ea sendo diagnosticado com o v\u00edrus, o tratamento, como eu digo para o paciente, \u00e9 a salva\u00e7\u00e3o.<strong>\u00a0\u00c9 voc\u00ea escolher se voc\u00ea vai querer viver bem<\/strong>\u00a0ou se voc\u00ea vai querer adoecer e sofrer. Hoje em dia, tomar a terapia antirretroviral corretamente \u00e9 o que faz diferen\u00e7a para a pessoa viver bem, com qualidade, com bem-estar. N\u00e3o seguir corretamente o tratamento pode permitir que o HIV sofra muta\u00e7\u00f5es e desenvolva resist\u00eancia aos medicamentos, dificultando o controle da infec\u00e7\u00e3o e exigindo esquemas terap\u00eauticos mais complexos. Em casos extremos, a resist\u00eancia pode limitar as op\u00e7\u00f5es de tratamento, favorecendo o surgimento de doen\u00e7as oportunistas e complica\u00e7\u00f5es graves da aids\u201d, ressalta a infectologista.<\/p>\n<p>A especialista ainda destaca que atualmente, as terapias s\u00e3o mais eficazes, com menos efeitos colaterais e posologia simplificada. \u201cEm diversos pa\u00edses, j\u00e1 existem medicamentos injet\u00e1veis de longa dura\u00e7\u00e3o, aplicados a cada dois meses, que em breve poder\u00e3o se tornar realidade no Brasil. Embora ainda n\u00e3o exista cura universal para o HIV, os avan\u00e7os cient\u00edficos t\u00eam melhorado de forma significativa a vida das pessoas que convivem com o v\u00edrus\u201d, finaliza.<\/p>\n<p>&#13;<br \/>\n            &#13;<br \/>\n&#13;<br \/>\n&#13;<\/p>\n","protected":false},"excerpt":{"rendered":"&#13; &#13; &#13; &#13; &#13; &#13; &#13; 28 de novembro de 2025 &#8211; 16:23&#13; #dezembro vermelho #HIV\/Aids #tratamento&hellip;\n","protected":false},"author":2,"featured_media":168608,"comment_status":"","ping_status":"","sticky":false,"template":"","format":"standard","meta":{"footnotes":""},"categories":[86],"tags":[1222,1218,1221,1220,1217,1224,1223,1225,1219,116,32,33,117],"class_list":{"0":"post-168607","1":"post","2":"type-post","3":"status-publish","4":"format-standard","5":"has-post-thumbnail","7":"category-saude","8":"tag-aplicativo-ceara","9":"tag-aplicativos","10":"tag-atendimento-online","11":"tag-cagece","12":"tag-ceara-app","13":"tag-corona","14":"tag-corona-virus","15":"tag-covid19","16":"tag-detran","17":"tag-health","18":"tag-portugal","19":"tag-pt","20":"tag-saude"},"share_on_mastodon":{"url":"https:\/\/pubeurope.com\/@pt\/115629074171976464","error":""},"_links":{"self":[{"href":"https:\/\/www.europesays.com\/pt\/wp-json\/wp\/v2\/posts\/168607","targetHints":{"allow":["GET"]}}],"collection":[{"href":"https:\/\/www.europesays.com\/pt\/wp-json\/wp\/v2\/posts"}],"about":[{"href":"https:\/\/www.europesays.com\/pt\/wp-json\/wp\/v2\/types\/post"}],"author":[{"embeddable":true,"href":"https:\/\/www.europesays.com\/pt\/wp-json\/wp\/v2\/users\/2"}],"replies":[{"embeddable":true,"href":"https:\/\/www.europesays.com\/pt\/wp-json\/wp\/v2\/comments?post=168607"}],"version-history":[{"count":0,"href":"https:\/\/www.europesays.com\/pt\/wp-json\/wp\/v2\/posts\/168607\/revisions"}],"wp:featuredmedia":[{"embeddable":true,"href":"https:\/\/www.europesays.com\/pt\/wp-json\/wp\/v2\/media\/168608"}],"wp:attachment":[{"href":"https:\/\/www.europesays.com\/pt\/wp-json\/wp\/v2\/media?parent=168607"}],"wp:term":[{"taxonomy":"category","embeddable":true,"href":"https:\/\/www.europesays.com\/pt\/wp-json\/wp\/v2\/categories?post=168607"},{"taxonomy":"post_tag","embeddable":true,"href":"https:\/\/www.europesays.com\/pt\/wp-json\/wp\/v2\/tags?post=168607"}],"curies":[{"name":"wp","href":"https:\/\/api.w.org\/{rel}","templated":true}]}}