{"id":16861,"date":"2025-08-05T10:08:14","date_gmt":"2025-08-05T10:08:14","guid":{"rendered":"https:\/\/www.europesays.com\/pt\/16861\/"},"modified":"2025-08-05T10:08:14","modified_gmt":"2025-08-05T10:08:14","slug":"italia-multa-a-shein-em-um-milhao-de-euros-por-greenwashing-moda","status":"publish","type":"post","link":"https:\/\/www.europesays.com\/pt\/16861\/","title":{"rendered":"It\u00e1lia multa a Shein em um milh\u00e3o de euros por greenwashing | Moda"},"content":{"rendered":"<p>A autoridade de concorr\u00eancia italiana (AGCM, na sigla original) imp\u00f4s uma multa de um milh\u00e3o de euros \u00e0 retalhista online de <a href=\"https:\/\/www.publico.pt\/2024\/02\/18\/impar\/noticia\/copias-acusacoes-trabalho-forcado-toneladas-roupa-shein-mudar-moda-2080446\" rel=\"nofollow noopener\" target=\"_blank\">ultra fast fashion Shein<\/a> por induzir os clientes em erro quanto ao impacte ambiental dos seus produtos.<\/p>\n<p>Esta \u00e9 a segunda san\u00e7\u00e3o financeira imposta \u00e0 marca fundada na China por uma autoridade de concorr\u00eancia europeia em pouco mais de um m\u00eas, depois de Fran\u00e7a ter <a href=\"https:\/\/www.publico.pt\/2025\/07\/03\/impar\/noticia\/franca-multa-shein-40-milhoes-euros-praticas-comerciais-enganosas-2138808\" rel=\"nofollow noopener\" target=\"_blank\">multado <\/a>a empresa em 40 milh\u00f5es de euros, no in\u00edcio de Julho, por descontos falsos e alega\u00e7\u00f5es ambientais enganosas.<\/p>\n<p>A multa italiana foi imposta \u00e0 Infinite Styles Services Co. Limited, a empresa sediada em Dublin que opera a plataforma online da Shein na Europa, ap\u00f3s uma investiga\u00e7\u00e3o de greenwashing lan\u00e7ada pela AGCM em Setembro. At\u00e9 agora, a empresa, actualmente sediada em Singapura, n\u00e3o reagiu \u00e0 san\u00e7\u00e3o.<\/p>\n<p>A AGCM acusou as declara\u00e7\u00f5es de sustentabilidade ambiental e responsabilidade social no site da Shein de serem \u201cpor vezes vagas, gen\u00e9ricas e\/ou excessivamente enf\u00e1ticas e, noutros casos, enganosas\u201d.<\/p>\n<p>As alega\u00e7\u00f5es da Shein sobre o design circular e o potencial de reciclagem dos produtos \u201cforam consideradas falsas ou, no m\u00ednimo, confusas\u201d, assim como os argumentos ecol\u00f3gicos da colec\u00e7\u00e3o \u201cevoluSHEIN by design\u201d foram exagerados, afirmou o regulador.<\/p>\n<p>A colec\u00e7\u00e3o em causa \u00e9 promovida como sendo de \u201cfabrico mais sustent\u00e1vel e respons\u00e1vel\u201d, mas a AGCM argumenta que os consumidores podem ser induzidos em erro a pensar que a linha \u00e9 feita a partir de materiais ecol\u00f3gicos e totalmente recicl\u00e1veis, \u201cum facto que, considerando as fibras utilizadas e os sistemas de reciclagem actualmente existentes, \u00e9 falso\u201d.<\/p>\n<p>Roupa ultra barata<\/p>\n<p>A autoridade tamb\u00e9m questionou os compromissos \u201cvagos e gen\u00e9ricos\u201d da Shein de reduzir as emiss\u00f5es de gases de efeito estufa em 25% at\u00e9 2030 e chegar a zero at\u00e9 2050, observando que se contradizem com um aumento das emiss\u00f5es em 2023 e 2024.<\/p>\n<p>O regulador italiano reiterou que a Shein tem \u201cum dever de cuidado\u201d, j\u00e1 que \u201copera num sector altamente poluente\u201d, como \u00e9 a fast fashion.<\/p>\n<p>        &#13;<\/p>\n<p>&#13;<br \/>\n                &#13;\n            <\/p>\n<p>&#13;<\/p>\n<p>Quando foi noticiado o arranque da investiga\u00e7\u00e3o, <a href=\"https:\/\/www.publico.pt\/2024\/09\/25\/impar\/noticia\/italia-autoridade-concorrencia-abre-investigacao-greenwashing-shein-2105475\" rel=\"nofollow noopener\" target=\"_blank\">no ano passado<\/a>, a Shein disse que estava \u201cpronta para cooperar abertamente com as autoridades italianas, fornecendo apoio e as informa\u00e7\u00f5es necess\u00e1rias para responder a quaisquer perguntas\u201d.<\/p>\n<p>Fundada na China, a Shein \u00e9 conhecida pela roupa ultra barata, que, depois de anunciar a inten\u00e7\u00e3o de se cotar na<a href=\"https:\/\/www.publico.pt\/2024\/06\/27\/impar\/noticia\/grupo-direitos-humanos-quer-impedir-entrada-shein-bolsa-londres-2095460\" rel=\"nofollow noopener\" target=\"_blank\"> bolsa de Londres<\/a>, tem sido alvo de escrut\u00ednio tamb\u00e9m pelos <a href=\"https:\/\/www.publico.pt\/2025\/01\/13\/impar\/noticia\/fabricas-produzem-shein-trabalhase-30-dias-mes-receber-13-centimos-peca-2118593\" rel=\"nofollow noopener\" target=\"_blank\">direitos humanos<\/a> nas f\u00e1bricas da rede de fornecedores.<\/p>\n<p>No in\u00edcio de Junho, a DECO, em conjunto com outras 24 organiza\u00e7\u00f5es europeias de consumidores, tamb\u00e9m apresentou uma <a href=\"https:\/\/www.publico.pt\/2025\/06\/05\/impar\/noticia\/deco-apresenta-queixa-shein-bruxelas-praticas-enganosas-2135614\" rel=\"nofollow noopener\" target=\"_blank\">queixa<\/a> contra a Shein, por motivos similares, \u00e0 Comiss\u00e3o Europeia. \u201cEm causa est\u00e1 o uso de t\u00e9cnicas enganosas \u2014 conhecidas como dark patterns ou padr\u00f5es obscuros \u2014 que levam os consumidores a comprar mais do que pretendiam, agravando problemas ambientais e sociais associados \u00e0 fast fashion\u201d, referia-se, ent\u00e3o, em comunicado da associa\u00e7\u00e3o de defesa do consumidor.<\/p>\n","protected":false},"excerpt":{"rendered":"A autoridade de concorr\u00eancia italiana (AGCM, na sigla original) imp\u00f4s uma multa de um milh\u00e3o de euros \u00e0&hellip;\n","protected":false},"author":2,"featured_media":16862,"comment_status":"","ping_status":"","sticky":false,"template":"","format":"standard","meta":{"footnotes":""},"categories":[83],"tags":[964,785,88,89,90,708,1079,542,32,33,1338,3204],"class_list":{"0":"post-16861","1":"post","2":"type-post","3":"status-publish","4":"format-standard","5":"has-post-thumbnail","7":"category-empresas","8":"tag-ambiente","9":"tag-azul","10":"tag-business","11":"tag-economy","12":"tag-empresas","13":"tag-impar","14":"tag-moda","15":"tag-para-redes","16":"tag-portugal","17":"tag-pt","18":"tag-questoes-sociais","19":"tag-sustentabilidade"},"share_on_mastodon":{"url":"","error":""},"_links":{"self":[{"href":"https:\/\/www.europesays.com\/pt\/wp-json\/wp\/v2\/posts\/16861","targetHints":{"allow":["GET"]}}],"collection":[{"href":"https:\/\/www.europesays.com\/pt\/wp-json\/wp\/v2\/posts"}],"about":[{"href":"https:\/\/www.europesays.com\/pt\/wp-json\/wp\/v2\/types\/post"}],"author":[{"embeddable":true,"href":"https:\/\/www.europesays.com\/pt\/wp-json\/wp\/v2\/users\/2"}],"replies":[{"embeddable":true,"href":"https:\/\/www.europesays.com\/pt\/wp-json\/wp\/v2\/comments?post=16861"}],"version-history":[{"count":0,"href":"https:\/\/www.europesays.com\/pt\/wp-json\/wp\/v2\/posts\/16861\/revisions"}],"wp:featuredmedia":[{"embeddable":true,"href":"https:\/\/www.europesays.com\/pt\/wp-json\/wp\/v2\/media\/16862"}],"wp:attachment":[{"href":"https:\/\/www.europesays.com\/pt\/wp-json\/wp\/v2\/media?parent=16861"}],"wp:term":[{"taxonomy":"category","embeddable":true,"href":"https:\/\/www.europesays.com\/pt\/wp-json\/wp\/v2\/categories?post=16861"},{"taxonomy":"post_tag","embeddable":true,"href":"https:\/\/www.europesays.com\/pt\/wp-json\/wp\/v2\/tags?post=16861"}],"curies":[{"name":"wp","href":"https:\/\/api.w.org\/{rel}","templated":true}]}}