{"id":168613,"date":"2025-11-28T19:58:17","date_gmt":"2025-11-28T19:58:17","guid":{"rendered":"https:\/\/www.europesays.com\/pt\/168613\/"},"modified":"2025-11-28T19:58:17","modified_gmt":"2025-11-28T19:58:17","slug":"os-testes-da-bmw-ao-longo-dos-dois-dias-em-jerez","status":"publish","type":"post","link":"https:\/\/www.europesays.com\/pt\/168613\/","title":{"rendered":"Os testes da BMW ao longo dos dois dias em Jerez"},"content":{"rendered":"<p>Mais uma vez, Michael van der Mark (ROKiT BMW Motorrad WorldSBK Team) demonstrou a sua familiaridade com a moto, terminando em terceiro lugar e realizando dois dias de trabalho s\u00f3lido para a sua equipa, completando um total de 150 voltas e terminando em terceiro lugar. <\/p>\n<p>Embora o tempo de van der Mark, 1\u201938.126s, tenha sido mais r\u00e1pido do que o de cada um dos novos pilotos, Danilo Petrucci (ROKiT BMW Motorrad WorldSBK Team) e Miguel Oliveira (ROKiT BMW Motorrad WorldSBK Team) tiveram tempos semelhantes e agora t\u00eam mais voltas na M 1000 RR, \u00e0 medida que come\u00e7am a se entrosar com o novo engenheiro eletr\u00f3nico Christophe Lambert, que vem da Bimota. <\/p>\n<p><a href=\"https:\/\/www.motosport.com.pt\/?attachment_id=525969\" target=\"_blank\" rel=\"nofollow noopener\"><img loading=\"lazy\" class=\"lazy\" decoding=\"async\" alt=\"\" width=\"300\" height=\"169\" src=\"https:\/\/www.europesays.com\/pt\/wp-content\/uploads\/2025\/11\/Miguel-Oliveira-Chantra-Jerez-300x169.jpg\"  data-\/><\/a><\/p>\n<p>\u00a9David Clares<\/p>\n<p>Para Oliveira, o seu chefe de equipa tamb\u00e9m \u00e9 novo na equipa, e Andrew Pitt espera estabelecer uma rela\u00e7\u00e3o forte nos pr\u00f3ximos meses. No seu segundo e \u00faltimo dia em Jerez, Petrucci terminou em P5 com um tempo de 1\u201938.470s, \u00e0 frente de Oliveira, que registou 1\u201938.890s e ficou em oitavo lugar.<\/p>\n","protected":false},"excerpt":{"rendered":"Mais uma vez, Michael van der Mark (ROKiT BMW Motorrad WorldSBK Team) demonstrou a sua familiaridade com a&hellip;\n","protected":false},"author":2,"featured_media":168614,"comment_status":"","ping_status":"","sticky":false,"template":"","format":"standard","meta":{"footnotes":""},"categories":[8],"tags":[27,28,15,16,14,25,26,21,22,12,13,19,20,32,23,24,33,17,18,29,30,31],"class_list":{"0":"post-168613","1":"post","2":"type-post","3":"status-publish","4":"format-standard","5":"has-post-thumbnail","7":"category-principais-noticias","8":"tag-breaking-news","9":"tag-breakingnews","10":"tag-featured-news","11":"tag-featurednews","12":"tag-headlines","13":"tag-latest-news","14":"tag-latestnews","15":"tag-main-news","16":"tag-mainnews","17":"tag-news","18":"tag-noticias","19":"tag-noticias-principais","20":"tag-noticiasprincipais","21":"tag-portugal","22":"tag-principais-noticias","23":"tag-principaisnoticias","24":"tag-pt","25":"tag-top-stories","26":"tag-topstories","27":"tag-ultimas","28":"tag-ultimas-noticias","29":"tag-ultimasnoticias"},"share_on_mastodon":{"url":"https:\/\/pubeurope.com\/@pt\/115629097699648301","error":""},"_links":{"self":[{"href":"https:\/\/www.europesays.com\/pt\/wp-json\/wp\/v2\/posts\/168613","targetHints":{"allow":["GET"]}}],"collection":[{"href":"https:\/\/www.europesays.com\/pt\/wp-json\/wp\/v2\/posts"}],"about":[{"href":"https:\/\/www.europesays.com\/pt\/wp-json\/wp\/v2\/types\/post"}],"author":[{"embeddable":true,"href":"https:\/\/www.europesays.com\/pt\/wp-json\/wp\/v2\/users\/2"}],"replies":[{"embeddable":true,"href":"https:\/\/www.europesays.com\/pt\/wp-json\/wp\/v2\/comments?post=168613"}],"version-history":[{"count":0,"href":"https:\/\/www.europesays.com\/pt\/wp-json\/wp\/v2\/posts\/168613\/revisions"}],"wp:featuredmedia":[{"embeddable":true,"href":"https:\/\/www.europesays.com\/pt\/wp-json\/wp\/v2\/media\/168614"}],"wp:attachment":[{"href":"https:\/\/www.europesays.com\/pt\/wp-json\/wp\/v2\/media?parent=168613"}],"wp:term":[{"taxonomy":"category","embeddable":true,"href":"https:\/\/www.europesays.com\/pt\/wp-json\/wp\/v2\/categories?post=168613"},{"taxonomy":"post_tag","embeddable":true,"href":"https:\/\/www.europesays.com\/pt\/wp-json\/wp\/v2\/tags?post=168613"}],"curies":[{"name":"wp","href":"https:\/\/api.w.org\/{rel}","templated":true}]}}