{"id":168630,"date":"2025-11-28T20:18:15","date_gmt":"2025-11-28T20:18:15","guid":{"rendered":"https:\/\/www.europesays.com\/pt\/168630\/"},"modified":"2025-11-28T20:18:15","modified_gmt":"2025-11-28T20:18:15","slug":"sabia-que-pedro-jorge-tem-outra-profissao-e-outro-nome-as-imagens-da-vida-que-poucos-conhecem-secret-story","status":"publish","type":"post","link":"https:\/\/www.europesays.com\/pt\/168630\/","title":{"rendered":"Sabia que Pedro Jorge tem outra profiss\u00e3o e &#8216;outro nome&#8217;? As imagens da vida que poucos conhecem &#8211; Secret Story"},"content":{"rendered":"<p>Pedro Jorge \u00e9, desde o in\u00edcio, um dos concorrentes mais populares do Secret Story 9. Entrou com o segredo<a href=\"https:\/\/tvi.iol.pt\/secretstory\/videos\/mais-ciumes-marisa-e-pedro-passam-se-um-com-o-outro-e-voltam-a-trocar-insultos-fortes\/6929612c0cf229bd2f8d5012\" rel=\"nofollow noopener\" target=\"_blank\"> \u00aba m\u00e3e dos meus filhos est\u00e1 na casa\u00bb, Marisa, <\/a>que, por sua vez, tem o segredo \u00abo meu marido est\u00e1 na casa\u00bb.<\/p>\n<p>A vida dos dois \u00e9 p\u00fablica desde que entraram no programa, mas h\u00e1 uma coisa sobre Pedro Jorge que muitos n\u00e3o sabem: para al\u00e9m de Pedro gerir a loja de roupa com Marisa, ele \u00e9 tamb\u00e9m jogador de futebol e a informa\u00e7\u00e3o sobre a sua carreira consta do site desportivo &#8216;Zero Zero&#8217;.\u00a0<\/p>\n<p><img loading=\"lazy\" decoding=\"async\" alt=\"\" height=\"308\" src=\"https:\/\/www.europesays.com\/pt\/wp-content\/uploads\/2025\/11\/69297943d34e3caad84bce83.webp\" width=\"500\"\/><\/p>\n<p>Segundo a mesma plataforma, Pedro &#8211; mais conhecido como &#8216;Jorginho&#8217; &#8211; \u00e9 m\u00e9dio esquerdo e j\u00e1 jogou em clubes como o Sporting da Covilh\u00e3 &#8211; cidade onde vive &#8211; o AC. Fund\u00e3o, o GDC Silvares e o UD Belmonte, o \u00faltimo clube em que o concorrente esteve na \u00e9poca de 2024\/2025.<\/p>\n<p>No seu Instagram, \u00e9 poss\u00edvel ver ainda algumas fotografias dessa parte da sua vida e da sua carreira como futebolista. Percorra a galeria de fotografias que prepar\u00e1mos para si e veja estas e outras imagens de Pedro Jorge.\u00a0<\/p>\n","protected":false},"excerpt":{"rendered":"Pedro Jorge \u00e9, desde o in\u00edcio, um dos concorrentes mais populares do Secret Story 9. Entrou com o&hellip;\n","protected":false},"author":2,"featured_media":168631,"comment_status":"","ping_status":"","sticky":false,"template":"","format":"standard","meta":{"footnotes":""},"categories":[142],"tags":[18706,114,115,18705,524,21416,32,33,151,18704],"class_list":{"0":"post-168630","1":"post","2":"type-post","3":"status-publish","4":"format-standard","5":"has-post-thumbnail","7":"category-tv","8":"tag-bastidores-secret-story","9":"tag-entertainment","10":"tag-entretenimento","11":"tag-entrevistas-concorrentes-tvi","12":"tag-futebol","13":"tag-pedro-jorge","14":"tag-portugal","15":"tag-pt","16":"tag-tv","17":"tag-vida-fora-da-casa"},"share_on_mastodon":{"url":"https:\/\/pubeurope.com\/@pt\/115629176340800050","error":""},"_links":{"self":[{"href":"https:\/\/www.europesays.com\/pt\/wp-json\/wp\/v2\/posts\/168630","targetHints":{"allow":["GET"]}}],"collection":[{"href":"https:\/\/www.europesays.com\/pt\/wp-json\/wp\/v2\/posts"}],"about":[{"href":"https:\/\/www.europesays.com\/pt\/wp-json\/wp\/v2\/types\/post"}],"author":[{"embeddable":true,"href":"https:\/\/www.europesays.com\/pt\/wp-json\/wp\/v2\/users\/2"}],"replies":[{"embeddable":true,"href":"https:\/\/www.europesays.com\/pt\/wp-json\/wp\/v2\/comments?post=168630"}],"version-history":[{"count":0,"href":"https:\/\/www.europesays.com\/pt\/wp-json\/wp\/v2\/posts\/168630\/revisions"}],"wp:featuredmedia":[{"embeddable":true,"href":"https:\/\/www.europesays.com\/pt\/wp-json\/wp\/v2\/media\/168631"}],"wp:attachment":[{"href":"https:\/\/www.europesays.com\/pt\/wp-json\/wp\/v2\/media?parent=168630"}],"wp:term":[{"taxonomy":"category","embeddable":true,"href":"https:\/\/www.europesays.com\/pt\/wp-json\/wp\/v2\/categories?post=168630"},{"taxonomy":"post_tag","embeddable":true,"href":"https:\/\/www.europesays.com\/pt\/wp-json\/wp\/v2\/tags?post=168630"}],"curies":[{"name":"wp","href":"https:\/\/api.w.org\/{rel}","templated":true}]}}