{"id":168634,"date":"2025-11-28T20:22:18","date_gmt":"2025-11-28T20:22:18","guid":{"rendered":"https:\/\/www.europesays.com\/pt\/168634\/"},"modified":"2025-11-28T20:22:18","modified_gmt":"2025-11-28T20:22:18","slug":"ubss-realizam-acoes-educativas-alusivas-a-campanha-dezembro-vermelho-agencia-de-noticias","status":"publish","type":"post","link":"https:\/\/www.europesays.com\/pt\/168634\/","title":{"rendered":"UBSs realizam a\u00e7\u00f5es educativas alusivas \u00e0 campanha Dezembro Vermelho \u2013 Ag\u00eancia de Not\u00edcias"},"content":{"rendered":"\n<p class=\"mt-0\">\n                        <strong><\/p>\n<p>                            28 de novembro de 2025<\/p>\n<p>                            16:46<br \/>\n                        <\/strong>\n                    <\/p>\n<p class=\"mb-0\">Por: <strong>Gustavo Goes (Programa de Est\u00e1gio) Supervis\u00e3o: Bruno Rodrigues<\/strong><\/p>\n<p align=\"center\"><img loading=\"lazy\" decoding=\"async\" class=\"aligncenter wp-image-175789\" src=\"https:\/\/www.europesays.com\/pt\/wp-content\/uploads\/2025\/11\/noticias.sorocaba.sp.gov.br-ubss-realizam-acoes-educativas-alusivas-a-campanha-dezembro-vermelho-28..jpeg\" alt=\"\" width=\"590\" height=\"738\"  \/><\/p>\n<p align=\"justify\">Com o objetivo de conscientizar a popula\u00e7\u00e3o em rela\u00e7\u00e3o \u00e0 preven\u00e7\u00e3o, assist\u00eancia e prote\u00e7\u00e3o dos direitos das pessoas infectadas com o HIV e outras Infec\u00e7\u00f5es Sexualmente Transmiss\u00edveis (ISTs), a Prefeitura de Sorocaba, por meio da Secretaria da Sa\u00fade (SES), realizar\u00e1, ao longo do m\u00eas, a\u00e7\u00f5es nas Unidades B\u00e1sicas de Sa\u00fade (UBSs) para a campanha \u201cDezembro Vermelho\u201d.<\/p>\n<p align=\"justify\">De acordo com o Minist\u00e9rio da Sa\u00fade, a Lei n\u00b0 13.504\/2017 traz uma mobiliza\u00e7\u00e3o nacional que ocorre em alus\u00e3o ao Dia Mundial de Luta Contra a Aids, celebrado em 1\u00ba de dezembro. Por meio dessa iniciativa, \u00e9 refor\u00e7ado o conceito da \u201cPreven\u00e7\u00e3o Combinada\u201d, que associa diferentes m\u00e9todos de preven\u00e7\u00e3o ao HIV.<\/p>\n<p align=\"justify\">O Minist\u00e9rio da Sa\u00fade alerta, ainda, que todas as pessoas sexualmente ativas podem estar expostas ao risco de contrair o HIV e outras ISTs, independentemente de g\u00eanero, orienta\u00e7\u00e3o sexual ou idade. O diagn\u00f3stico precoce \u00e9 fundamental para quebrar a cadeia de transmiss\u00e3o. O tratamento \u00e9 garantido pelo Sistema \u00danico de Sa\u00fade (SUS) e \u00e9 um direito de todos.<\/p>\n<p align=\"justify\"><b>Confira a programa\u00e7\u00e3o:<\/b><\/p>\n<p align=\"left\"><b>UBS Bar\u00e3o<\/b><br \/>Testes r\u00e1pidos<br \/>Data: 1\u00b0 de dezembro<br \/>Hor\u00e1rio: 8h \u00e0s 20h<\/p>\n<p><b>UBS Carand\u00e1 <\/b><br \/>Testes r\u00e1pidos<br \/>Data: M\u00eas todo<br \/>Hor\u00e1rio: 7h \u00e0s 19h<\/p>\n<p><b>UBS Cajuru <\/b><br \/>Palestra e distribui\u00e7\u00e3o de informativos<br \/>Data: 6 de dezembro<br \/>Hor\u00e1rio: 10h<\/p>\n<p><b>UBS Cerrado <\/b><br \/>Teste r\u00e1pido<br \/>Data: M\u00eas todo<br \/>Hor\u00e1rio: 7h \u00e0s 19h<\/p>\n<p><b>UBS Escola<\/b><br \/>Testes r\u00e1pidos e orienta\u00e7\u00f5es<br \/>Data: M\u00eas todo<br \/>Hor\u00e1rio: 8h \u00e0s 15h<\/p>\n<p><b>UBS Hort\u00eancia<\/b><br \/>Testes r\u00e1pidos<br \/>Data: 16, 20 e 23 de dezembro<br \/>Hor\u00e1rios:<br \/>16 e 20\/12 \u2013 7h \u00e0s 12h<br \/>20\/12 \u2013 7h \u00e0s 13h<\/p>\n<p><b>UBS Lopes de Oliveira<\/b><br \/>Testes r\u00e1pidos, orienta\u00e7\u00f5es e distribui\u00e7\u00e3o de preservativos<br \/>Data: 1\u00b0 de dezembro<br \/>Hor\u00e1rios: 8h \u00e0s 12h<\/p>\n<p><b>UBS Mineir\u00e3o<\/b><br \/>Distribui\u00e7\u00e3o de informativos<br \/>Data: M\u00eas todo<br \/>Hor\u00e1rio: 9h e 14h<\/p>\n<p><b>UBS Nova Sorocaba (CRAS)<\/b><br \/>Testes r\u00e1pidos<br \/>Data: 2 de dezembro<br \/>Hor\u00e1rio: 8h \u00e0s 12h<\/p>\n<p><b>UBS Rodrigo<\/b><br \/>Orienta\u00e7\u00f5es<br \/>Data: 9, 15 e 17 de dezembro<br \/>Hor\u00e1rios:<br \/>9\/12 \u2013 14h<br \/>15 e 17\/12 \u2013 10h<\/p>\n<p><b>UBS S\u00e3o Bento<\/b><br \/>Orienta\u00e7\u00f5es<br \/>Data: 10 de dezembro<br \/>Hor\u00e1rio: 9h<\/p>\n<p><b>UBS Simus <\/b><br \/>Orienta\u00e7\u00f5es e distribui\u00e7\u00e3o de preservativos<br \/>Data: 1\u00b0 a 5 de dezembro<br \/>Hor\u00e1rios: Manh\u00e3 e tarde<\/p>\n<p><b>UBS Vit\u00f3ria R\u00e9gia<\/b><br \/>Distribui\u00e7\u00e3o de informativos e exposi\u00e7\u00e3o<br \/>Data: 1\u00b0 de dezembro<br \/>Hor\u00e1rio: 7h<\/p>\n","protected":false},"excerpt":{"rendered":"28 de novembro de 2025 16:46 Por: Gustavo Goes (Programa de Est\u00e1gio) Supervis\u00e3o: Bruno Rodrigues Com o objetivo&hellip;\n","protected":false},"author":2,"featured_media":168635,"comment_status":"","ping_status":"","sticky":false,"template":"","format":"standard","meta":{"footnotes":""},"categories":[86],"tags":[116,32,33,117],"class_list":{"0":"post-168634","1":"post","2":"type-post","3":"status-publish","4":"format-standard","5":"has-post-thumbnail","7":"category-saude","8":"tag-health","9":"tag-portugal","10":"tag-pt","11":"tag-saude"},"share_on_mastodon":{"url":"https:\/\/pubeurope.com\/@pt\/115629191901742163","error":""},"_links":{"self":[{"href":"https:\/\/www.europesays.com\/pt\/wp-json\/wp\/v2\/posts\/168634","targetHints":{"allow":["GET"]}}],"collection":[{"href":"https:\/\/www.europesays.com\/pt\/wp-json\/wp\/v2\/posts"}],"about":[{"href":"https:\/\/www.europesays.com\/pt\/wp-json\/wp\/v2\/types\/post"}],"author":[{"embeddable":true,"href":"https:\/\/www.europesays.com\/pt\/wp-json\/wp\/v2\/users\/2"}],"replies":[{"embeddable":true,"href":"https:\/\/www.europesays.com\/pt\/wp-json\/wp\/v2\/comments?post=168634"}],"version-history":[{"count":0,"href":"https:\/\/www.europesays.com\/pt\/wp-json\/wp\/v2\/posts\/168634\/revisions"}],"wp:featuredmedia":[{"embeddable":true,"href":"https:\/\/www.europesays.com\/pt\/wp-json\/wp\/v2\/media\/168635"}],"wp:attachment":[{"href":"https:\/\/www.europesays.com\/pt\/wp-json\/wp\/v2\/media?parent=168634"}],"wp:term":[{"taxonomy":"category","embeddable":true,"href":"https:\/\/www.europesays.com\/pt\/wp-json\/wp\/v2\/categories?post=168634"},{"taxonomy":"post_tag","embeddable":true,"href":"https:\/\/www.europesays.com\/pt\/wp-json\/wp\/v2\/tags?post=168634"}],"curies":[{"name":"wp","href":"https:\/\/api.w.org\/{rel}","templated":true}]}}