{"id":168636,"date":"2025-11-28T20:27:27","date_gmt":"2025-11-28T20:27:27","guid":{"rendered":"https:\/\/www.europesays.com\/pt\/168636\/"},"modified":"2025-11-28T20:27:27","modified_gmt":"2025-11-28T20:27:27","slug":"estrategia-inovadora-para-evitar-filas-e-garantir-diversao","status":"publish","type":"post","link":"https:\/\/www.europesays.com\/pt\/168636\/","title":{"rendered":"Estrat\u00e9gia Inovadora para Evitar Filas e Garantir Divers\u00e3o"},"content":{"rendered":"<p>A pista e a rampa de gelo, que s\u00e3o duas das atra\u00e7\u00f5es mais concorridas, est\u00e3o garantidas na edi\u00e7\u00e3o deste ano do <a aria-label=\"content\" target=\"_blank\" href=\"https:\/\/obidosvilanatal.pt\/\" rel=\"nofollow noopener\">\u00d3bidos Vila Natal<\/a>, que abre as portas esta sexa-feira. Mas est\u00e3o prometidas novas divers\u00f5es, um hor\u00e1rio alargado aos fins-de semana e a implementa\u00e7\u00e3o de uma estrat\u00e9gia para evitar filas.<\/p>\n<p>Tendo por base a experi\u00eancia de anos anteriores \u2013 em que os bilhetes esgotavam ou em que a venda era suspensa temporariamente devido \u00e0 elevado aflu\u00eancia -, este ano, o \u00d3bidos Vila Natal ter\u00e1 um sistema de entrada por sesso\u0303es, um modelo que, segundo a organiza\u00e7\u00e3o, \u201cfacilita a gesta\u0303o de pu\u0301blicos, reduz tempos de espera e torna a visita mais co\u0301moda e fluida\u201d.<\/p>\n<p>Al\u00e9m disso, de sexta a domingo, o recinto tem um hor\u00e1rio alargado: abre \u00e0s 10h00 e fecha \u00e0s 21h00, enquanto que nos restantes dias apenas abre \u00e0s 11h00 e encerra \u00e0s 20h00. Portanto, s\u00e3o mais duas horas, nestes dias, para usufruir de tudo aquilo que se encontra dentro (e tamb\u00e9m fora) das muralhas da vila medieval.<\/p>\n<p>Sob o tema A Grande Fa\u0301brica do Natal, o \u00d3bidos Vila Natal convida os visitantes a participar na constru\u00e7\u00e3o e preparac\u0327a\u0303o do Natal&#8230; mesmo durando at\u00e9 4 de janeiro. Para a divers\u00e3o, l\u00e1 estar\u00e3o a pista e a rampa de gelo, mas tamb\u00e9m a Estac\u0327a\u0303o do Comboio, o Posto de Correios, o Campo de Treino dos Soldadinhos de Chumbo, o Carrossel Parisiense ou o Gabinete do Pai Natal. Sem esquecer os espet\u00e1culos que acontecem no Palco da Festa e no Teatro Ma\u0301gico: h\u00e1 teatro musical, com\u00e9dia, artes circenses, dan\u00e7a e m\u00fasica.<\/p>\n<p>Quanto a atividades, os visitantes poder\u00e3o ir \u00e0 F\u00e1brica dos Brinquedos e construir o seu pr\u00f3prio brinquedo, \u00e0 Oficina de Guloseimas fazer bolachas de Natal tradicionais, ao Laborat\u00f3rio do P\u00f3 de Neve para descobrir como se produz a neve ou \u00e0 Academia dos Duendes para viver uma experie\u0302ncia imersiva num escape room.<\/p>\n<p>O recinto tem ainda uma \u00e1rea gaming, onde \u00e9 poss\u00edvel experimentar 17 videojogos em PC, consolas e simuladores.<\/p>\n<p>A entrada custa 10 euros para adultos e oito para crian\u00e7as, mas h\u00e1 bilhetes especiais.<\/p>\n<p>Perlim abre no s\u00e1bado <\/p>\n<p>Mais a norte, em Santa Maria da Feira, o <a aria-label=\"content\" target=\"_blank\" href=\"https:\/\/www.perlim.pt\/pt-pt\/\" rel=\"nofollow noopener\">Perlim<\/a> abre as portas no s\u00e1bado, 29 de novembro, e prolonga-se at\u00e9 30 de dezembro. A abertura ser\u00e1 assinalada, \u00e0s 21h45, com um espet\u00e1culo com 220 drones em coreografias de alta precis\u00e3o a 80 metros de altura, o mesmo que se repetir\u00e1 diariamente \u00e0s 19h45, junto \u00e0 Casa do Moinho.<\/p>\n<p>Com o mote Cabe\u00e7a na Lua, P\u00e9s em Perlim, a 17.\u00aa edi\u00e7\u00e3o do parque tem\u00e1tico de Natal promete novidades, quer nos conte\u00fados de programa\u00e7\u00e3o, quer na reorganiza\u00e7\u00e3o do recinto, e aposta no refor\u00e7o de atividades educativas, pedag\u00f3gicas e de sensibiliza\u00e7\u00e3o, com um olhar atento \u00e0 urg\u00eancia de brincar e \u00e0 parentalidade, solidariedade e responsabilidade social.<\/p>\n<p>Os bilhetes custam 7 euros para crian\u00e7as e 8 para adultos durante a semana. Aos fins de semana acresce um euro.<\/p>\n","protected":false},"excerpt":{"rendered":"A pista e a rampa de gelo, que s\u00e3o duas das atra\u00e7\u00f5es mais concorridas, est\u00e3o garantidas na edi\u00e7\u00e3o&hellip;\n","protected":false},"author":2,"featured_media":168637,"comment_status":"","ping_status":"","sticky":false,"template":"","format":"standard","meta":{"footnotes":""},"categories":[10],"tags":[27,28,15,16,14,25,26,21,22,7561,12,13,19,20,15393,35378,35377,32,23,24,33,17,18,29,30,31],"class_list":{"0":"post-168636","1":"post","2":"type-post","3":"status-publish","4":"format-standard","5":"has-post-thumbnail","7":"category-portugal","8":"tag-breaking-news","9":"tag-breakingnews","10":"tag-featured-news","11":"tag-featurednews","12":"tag-headlines","13":"tag-latest-news","14":"tag-latestnews","15":"tag-main-news","16":"tag-mainnews","17":"tag-natal","18":"tag-news","19":"tag-noticias","20":"tag-noticias-principais","21":"tag-noticiasprincipais","22":"tag-obidos","23":"tag-obidos-vila-natal","24":"tag-parque-tematico","25":"tag-portugal","26":"tag-principais-noticias","27":"tag-principaisnoticias","28":"tag-pt","29":"tag-top-stories","30":"tag-topstories","31":"tag-ultimas","32":"tag-ultimas-noticias","33":"tag-ultimasnoticias"},"share_on_mastodon":{"url":"https:\/\/pubeurope.com\/@pt\/115629211339143391","error":""},"_links":{"self":[{"href":"https:\/\/www.europesays.com\/pt\/wp-json\/wp\/v2\/posts\/168636","targetHints":{"allow":["GET"]}}],"collection":[{"href":"https:\/\/www.europesays.com\/pt\/wp-json\/wp\/v2\/posts"}],"about":[{"href":"https:\/\/www.europesays.com\/pt\/wp-json\/wp\/v2\/types\/post"}],"author":[{"embeddable":true,"href":"https:\/\/www.europesays.com\/pt\/wp-json\/wp\/v2\/users\/2"}],"replies":[{"embeddable":true,"href":"https:\/\/www.europesays.com\/pt\/wp-json\/wp\/v2\/comments?post=168636"}],"version-history":[{"count":0,"href":"https:\/\/www.europesays.com\/pt\/wp-json\/wp\/v2\/posts\/168636\/revisions"}],"wp:featuredmedia":[{"embeddable":true,"href":"https:\/\/www.europesays.com\/pt\/wp-json\/wp\/v2\/media\/168637"}],"wp:attachment":[{"href":"https:\/\/www.europesays.com\/pt\/wp-json\/wp\/v2\/media?parent=168636"}],"wp:term":[{"taxonomy":"category","embeddable":true,"href":"https:\/\/www.europesays.com\/pt\/wp-json\/wp\/v2\/categories?post=168636"},{"taxonomy":"post_tag","embeddable":true,"href":"https:\/\/www.europesays.com\/pt\/wp-json\/wp\/v2\/tags?post=168636"}],"curies":[{"name":"wp","href":"https:\/\/api.w.org\/{rel}","templated":true}]}}