{"id":168638,"date":"2025-11-28T20:28:16","date_gmt":"2025-11-28T20:28:16","guid":{"rendered":"https:\/\/www.europesays.com\/pt\/168638\/"},"modified":"2025-11-28T20:28:16","modified_gmt":"2025-11-28T20:28:16","slug":"assediados-e-humilhados-funcionarios-parlamentares-pedem-protecao-contra-o-chega","status":"publish","type":"post","link":"https:\/\/www.europesays.com\/pt\/168638\/","title":{"rendered":"&#8220;Assediados e humilhados.&#8221; Funcion\u00e1rios parlamentares pedem prote\u00e7\u00e3o contra o Chega"},"content":{"rendered":"<p data-remotead-prev-elm=\"true\" data-remotead-elm-id=\"inread\">Os funcion\u00e1rios do Parlamento est\u00e3o a pedir prote\u00e7\u00e3o contra o partido Chega, por atitudes &#8220;sistem\u00e1ticas&#8221; que procuram &#8220;assediar e humilhar&#8221;. Esta \u00e9 uma situa\u00e7\u00e3o in\u00e9dita em 50 anos na Assembleia da Rep\u00fablica.<\/p>\n<p>O Sindicato dos Trabalhadores em Fun\u00e7\u00f5es P\u00fablicas e Sociais do Sul e Regi\u00f5es Aut\u00f3nomas apresentou uma queixa \u00e0 secret\u00e1ria-geral da Assembleia da Rep\u00fablica.<\/p>\n<p>Em declara\u00e7\u00f5es \u00e0<strong> TSF<\/strong>, a sindicalista Catarina Sim\u00e3o conta que os<strong> deputados do partido liderado por Andr\u00e9 Ventura t\u00eam acusado os funcion\u00e1rios do Parlamento de &#8220;ocultarem os apartes que s\u00e3o destinados ao Chega&#8221; <\/strong>nos relat\u00f3rios.<\/p>\n<p data-remotead-prev-elm=\"true\" data-remotead-elm-id=\"centro1\">&#8220;Quando h\u00e1 uma interven\u00e7\u00e3o, os parlamentares fazem apartes e os funcion\u00e1rios parlamentares t\u00eam que os redigir na transcri\u00e7\u00e3o das audi\u00e7\u00f5es e s\u00e3o acusados de ocultarem esses apartes&#8221;, explica, acrescentando que esta \u00e9 uma<strong> &#8220;acusa\u00e7\u00e3o grave&#8221;<\/strong>.<\/p>\n<p>Catarina Sim\u00e3o vinca que<strong> este tipo de comportamentos s\u00e3o &#8220;sistem\u00e1ticos&#8221; e t\u00eam como objetivo &#8220;menosprezar e minorar a fun\u00e7\u00e3o do funcion\u00e1rio parlamentar&#8221;<\/strong>.<\/p>\n<p>Esta \u00e9 uma situa\u00e7\u00e3o que tem<strong> provocado &#8220;desconforto e imensa ansiedade&#8221; <\/strong>nestes trabalhadores, que se t\u00eam sentido<strong> &#8220;assediados e humilhados&#8221;<\/strong>.<\/p>\n<p data-remotead-prev-elm=\"true\" data-remotead-elm-id=\"centro2\">&#8220;Os trabalhadores nunca estiveram confrontados com este tipo de tratamento ou atitudes. Est\u00e1 posta em causa a sua idoneidade enquanto trabalhadores, porque isto s\u00e3o acusa\u00e7\u00f5es muito graves&#8221;, refor\u00e7a.<\/p>\n<p>E revela ainda que, a 6 de mar\u00e7o de 2026 o sindicato celebra 50 anos de exist\u00eancia e n\u00e3o tem, at\u00e9 agora, registo de uma situa\u00e7\u00e3o semelhante.<\/p>\n<p>A <strong>TSF<\/strong> j\u00e1 contactou o gabinete da Secret\u00e1ria-Geral do Parlamento e ainda aguarda resposta, j\u00e1 o gabinete de Jos\u00e9 Pedro Aguiar-Branco confirma que tem conhecimento da queixa apresentada e garante que o processo est\u00e1 a ser tratado pela Secretaria-Geral.<\/p>\n","protected":false},"excerpt":{"rendered":"Os funcion\u00e1rios do Parlamento est\u00e3o a pedir prote\u00e7\u00e3o contra o partido Chega, por atitudes &#8220;sistem\u00e1ticas&#8221; que procuram &#8220;assediar&hellip;\n","protected":false},"author":2,"featured_media":168639,"comment_status":"","ping_status":"","sticky":false,"template":"","format":"standard","meta":{"footnotes":""},"categories":[8],"tags":[3386,2030,27,28,1736,15,16,14,25,26,21,22,12,13,19,20,4532,52,32,23,24,33,17,18,29,30,31],"class_list":{"0":"post-168638","1":"post","2":"type-post","3":"status-publish","4":"format-standard","5":"has-post-thumbnail","7":"category-principais-noticias","8":"tag-andre-ventura","9":"tag-assembleia-da-republica","10":"tag-breaking-news","11":"tag-breakingnews","12":"tag-chega","13":"tag-featured-news","14":"tag-featurednews","15":"tag-headlines","16":"tag-latest-news","17":"tag-latestnews","18":"tag-main-news","19":"tag-mainnews","20":"tag-news","21":"tag-noticias","22":"tag-noticias-principais","23":"tag-noticiasprincipais","24":"tag-parlamento","25":"tag-politica","26":"tag-portugal","27":"tag-principais-noticias","28":"tag-principaisnoticias","29":"tag-pt","30":"tag-top-stories","31":"tag-topstories","32":"tag-ultimas","33":"tag-ultimas-noticias","34":"tag-ultimasnoticias"},"share_on_mastodon":{"url":"https:\/\/pubeurope.com\/@pt\/115629215279890049","error":""},"_links":{"self":[{"href":"https:\/\/www.europesays.com\/pt\/wp-json\/wp\/v2\/posts\/168638","targetHints":{"allow":["GET"]}}],"collection":[{"href":"https:\/\/www.europesays.com\/pt\/wp-json\/wp\/v2\/posts"}],"about":[{"href":"https:\/\/www.europesays.com\/pt\/wp-json\/wp\/v2\/types\/post"}],"author":[{"embeddable":true,"href":"https:\/\/www.europesays.com\/pt\/wp-json\/wp\/v2\/users\/2"}],"replies":[{"embeddable":true,"href":"https:\/\/www.europesays.com\/pt\/wp-json\/wp\/v2\/comments?post=168638"}],"version-history":[{"count":0,"href":"https:\/\/www.europesays.com\/pt\/wp-json\/wp\/v2\/posts\/168638\/revisions"}],"wp:featuredmedia":[{"embeddable":true,"href":"https:\/\/www.europesays.com\/pt\/wp-json\/wp\/v2\/media\/168639"}],"wp:attachment":[{"href":"https:\/\/www.europesays.com\/pt\/wp-json\/wp\/v2\/media?parent=168638"}],"wp:term":[{"taxonomy":"category","embeddable":true,"href":"https:\/\/www.europesays.com\/pt\/wp-json\/wp\/v2\/categories?post=168638"},{"taxonomy":"post_tag","embeddable":true,"href":"https:\/\/www.europesays.com\/pt\/wp-json\/wp\/v2\/tags?post=168638"}],"curies":[{"name":"wp","href":"https:\/\/api.w.org\/{rel}","templated":true}]}}