{"id":168647,"date":"2025-11-28T20:36:10","date_gmt":"2025-11-28T20:36:10","guid":{"rendered":"https:\/\/www.europesays.com\/pt\/168647\/"},"modified":"2025-11-28T20:36:10","modified_gmt":"2025-11-28T20:36:10","slug":"agencia-minas-gerais-minas-gerais-realiza-dia-d-com-748-municipios-para-intensificar-prevencao-contra-o-aedes-aegypti","status":"publish","type":"post","link":"https:\/\/www.europesays.com\/pt\/168647\/","title":{"rendered":"Ag\u00eancia Minas Gerais | Minas Gerais realiza Dia D com 748 munic\u00edpios para intensificar preven\u00e7\u00e3o contra o\u00a0Aedes aegypti"},"content":{"rendered":"<p>O Governo de Minas, por meio da Secretaria de Estado de Sa\u00fade, realiza neste s\u00e1bado (29\/11) o Dia D Minas Unida contra o Aedes aegypti, mobilizando 748 munic\u00edpios em uma a\u00e7\u00e3o conjunta para reduzir riscos no per\u00edodo sazonal. A iniciativa integra o Plano Estadual de Conting\u00eancia e refor\u00e7a a estrat\u00e9gia de antecipar medidas preventivas antes do in\u00edcio das chuvas.<\/p>\n<p>Veja galeria de fotos.<\/p>\n","protected":false},"excerpt":{"rendered":"O Governo de Minas, por meio da Secretaria de Estado de Sa\u00fade, realiza neste s\u00e1bado (29\/11) o Dia&hellip;\n","protected":false},"author":2,"featured_media":168648,"comment_status":"","ping_status":"","sticky":false,"template":"","format":"standard","meta":{"footnotes":""},"categories":[86],"tags":[35379,24705,3163,19385,2299,5286,6156,116,35380,6155,2034,35381,3295,32,1461,33,12488,117],"class_list":{"0":"post-168647","1":"post","2":"type-post","3":"status-publish","4":"format-standard","5":"has-post-thumbnail","7":"category-saude","8":"tag-35379","9":"tag-aegypti","10":"tag-com","11":"tag-contra","12":"tag-d","13":"tag-dia","14":"tag-gerais","15":"tag-health","16":"tag-intensificar","17":"tag-minas","18":"tag-municipios","19":"tag-o-aedes","20":"tag-para","21":"tag-portugal","22":"tag-prevencao","23":"tag-pt","24":"tag-realiza","25":"tag-saude"},"share_on_mastodon":{"url":"https:\/\/pubeurope.com\/@pt\/115629246536197905","error":""},"_links":{"self":[{"href":"https:\/\/www.europesays.com\/pt\/wp-json\/wp\/v2\/posts\/168647","targetHints":{"allow":["GET"]}}],"collection":[{"href":"https:\/\/www.europesays.com\/pt\/wp-json\/wp\/v2\/posts"}],"about":[{"href":"https:\/\/www.europesays.com\/pt\/wp-json\/wp\/v2\/types\/post"}],"author":[{"embeddable":true,"href":"https:\/\/www.europesays.com\/pt\/wp-json\/wp\/v2\/users\/2"}],"replies":[{"embeddable":true,"href":"https:\/\/www.europesays.com\/pt\/wp-json\/wp\/v2\/comments?post=168647"}],"version-history":[{"count":0,"href":"https:\/\/www.europesays.com\/pt\/wp-json\/wp\/v2\/posts\/168647\/revisions"}],"wp:featuredmedia":[{"embeddable":true,"href":"https:\/\/www.europesays.com\/pt\/wp-json\/wp\/v2\/media\/168648"}],"wp:attachment":[{"href":"https:\/\/www.europesays.com\/pt\/wp-json\/wp\/v2\/media?parent=168647"}],"wp:term":[{"taxonomy":"category","embeddable":true,"href":"https:\/\/www.europesays.com\/pt\/wp-json\/wp\/v2\/categories?post=168647"},{"taxonomy":"post_tag","embeddable":true,"href":"https:\/\/www.europesays.com\/pt\/wp-json\/wp\/v2\/tags?post=168647"}],"curies":[{"name":"wp","href":"https:\/\/api.w.org\/{rel}","templated":true}]}}