{"id":168665,"date":"2025-11-28T20:50:09","date_gmt":"2025-11-28T20:50:09","guid":{"rendered":"https:\/\/www.europesays.com\/pt\/168665\/"},"modified":"2025-11-28T20:50:09","modified_gmt":"2025-11-28T20:50:09","slug":"semana-da-prevencao-da-diabetes-sensibilizou-para-a-adocao-de-habitos-de-vida-saudaveis-artigos-camara-municipal-de-torres-vedras","status":"publish","type":"post","link":"https:\/\/www.europesays.com\/pt\/168665\/","title":{"rendered":"Semana da Preven\u00e7\u00e3o da Diabetes sensibilizou para a ado\u00e7\u00e3o de h\u00e1bitos de vida saud\u00e1veis \u2039 Artigos \u2039 C\u00e2mara Municipal de Torres Vedras"},"content":{"rendered":"<p>O Dia Mundial da Diabetes (14 de novembro) foi assinalado no Concelho de Torres Vedras com uma semana de atividades dedicadas \u00e0 respetiva tem\u00e1tica, que decorreu de 14 a 19 de novembro e contou com a participa\u00e7\u00e3o de cerca de 350 pessoas.<\/p>\n<p>A alimenta\u00e7\u00e3o saud\u00e1vel, a atividade f\u00edsica regular e os rastreios s\u00e3o ferramentas importantes para a preven\u00e7\u00e3o e dete\u00e7\u00e3o precoce da doen\u00e7a. Assim, a Semana da Preven\u00e7\u00e3o da Diabetes foi desenvolvida no \u00e2mbito de uma parceria que juntou a Unidade Local de Sa\u00fade do Oeste, estabelecimentos de restaura\u00e7\u00e3o, farm\u00e1cias, gin\u00e1sios e cl\u00ednica do Concelho.<\/p>\n<p>A iniciativa teve o seu in\u00edcio com a realiza\u00e7\u00e3o de a\u00e7\u00f5es de rastreio, que decorreram durante o dia 14 de novembro em tr\u00eas farm\u00e1cias: Farm\u00e1cia Dois Portos, Farm\u00e1cia Quintela e Farm\u00e1cia Garcia Alves. Para al\u00e9m destes rastreios, nesse mesmo dia, foi realizado um rastreio de enfermagem, m\u00e9dico e nutricional, pela Unidade Local de Sa\u00fade do Oeste na Escola de Servi\u00e7os e Com\u00e9rcio do Oeste, do qual participaram 84 alunos.<\/p>\n<p>No dia 15 de novembro, os seguintes estabelecimentos de restaura\u00e7\u00e3o do Concelho, os quais estiveram devidamente assinalados com um selo azul (cor que representa a Diabetes), promoveram menus saud\u00e1veis ao almo\u00e7o e ao jantar: Restaurante Moinho do Pa\u00fal; restaurante Hotel Golf Mar; e restaurante Flor de Sal.<\/p>\n<p>J\u00e1 no dia 17 de novembro, na Escola B\u00e1sica Gaspar Campello (em Campelos), foi realizado um concurso de sopas com a participa\u00e7\u00e3o de seis alunos e ainda uma sess\u00e3o informativa, que juntou cerca de 50 alunos e respetivas fam\u00edlias. Estas iniciativas contaram com a orienta\u00e7\u00e3o de uma nutricionista e enfermeira da Unidade Local de Sa\u00fade do Oeste. Na Escola Secund\u00e1ria Henriques Nogueira decorreu, igualmente, uma sess\u00e3o informativa sobre a Diabetes com profissionais da CUF.<\/p>\n<p>As \u00faltimas a\u00e7\u00f5es desta semana centraram-se no dom\u00ednio da atividade f\u00edsica e decorreram no dia 19 de novembro. Uma dessas a\u00e7\u00f5es foi uma edi\u00e7\u00e3o especial do Torres Vedras Night Run, a partir da Pra\u00e7a Machado Santos, e que contou com 152 participantes. Durante o mesmo dia e igualmente no \u00e2mbito da iniciativa, realizaram-se sess\u00f5es de atividade f\u00edsica e avalia\u00e7\u00f5es f\u00edsicas, gratuitas e dirigidas a toda a popula\u00e7\u00e3o, em quatro gin\u00e1sios do Concelho: UPGYM Torres Vedras e UPGYM Santa Cruz; Fisiotorres e Fitness Factory.<\/p>\n<p>Durante a Semana da Preven\u00e7\u00e3o da Diabetes a fachada da Igreja de Santa Maria do Castelo, em Torres Vedras, esteve iluminada a azul.<\/p>\n<p>O Dia Mundial da Diabetes foi criado em 1991, pela International Diabetes Federation e pela Organiza\u00e7\u00e3o Mundial da Sa\u00fade, com o objetivo de aumentar a consci\u00eancia sobre o aumento preocupante de casos de diabetes no mundo.<\/p>\n<p>Estima-se que esta doen\u00e7a atinja cerca de 13% da popula\u00e7\u00e3o adulta portuguesa.<\/p>\n<p>Com escolhas simples do dia a dia, como uma alimenta\u00e7\u00e3o equilibrada e mais atividade f\u00edsica, \u00e9 poss\u00edvel prevenir a doen\u00e7a e proteger a sa\u00fade.<\/p>\n","protected":false},"excerpt":{"rendered":"O Dia Mundial da Diabetes (14 de novembro) foi assinalado no Concelho de Torres Vedras com uma semana&hellip;\n","protected":false},"author":2,"featured_media":168666,"comment_status":"","ping_status":"","sticky":false,"template":"","format":"standard","meta":{"footnotes":""},"categories":[86],"tags":[116,32,33,117],"class_list":{"0":"post-168665","1":"post","2":"type-post","3":"status-publish","4":"format-standard","5":"has-post-thumbnail","7":"category-saude","8":"tag-health","9":"tag-portugal","10":"tag-pt","11":"tag-saude"},"share_on_mastodon":{"url":"https:\/\/pubeurope.com\/@pt\/115629301625008241","error":""},"_links":{"self":[{"href":"https:\/\/www.europesays.com\/pt\/wp-json\/wp\/v2\/posts\/168665","targetHints":{"allow":["GET"]}}],"collection":[{"href":"https:\/\/www.europesays.com\/pt\/wp-json\/wp\/v2\/posts"}],"about":[{"href":"https:\/\/www.europesays.com\/pt\/wp-json\/wp\/v2\/types\/post"}],"author":[{"embeddable":true,"href":"https:\/\/www.europesays.com\/pt\/wp-json\/wp\/v2\/users\/2"}],"replies":[{"embeddable":true,"href":"https:\/\/www.europesays.com\/pt\/wp-json\/wp\/v2\/comments?post=168665"}],"version-history":[{"count":0,"href":"https:\/\/www.europesays.com\/pt\/wp-json\/wp\/v2\/posts\/168665\/revisions"}],"wp:featuredmedia":[{"embeddable":true,"href":"https:\/\/www.europesays.com\/pt\/wp-json\/wp\/v2\/media\/168666"}],"wp:attachment":[{"href":"https:\/\/www.europesays.com\/pt\/wp-json\/wp\/v2\/media?parent=168665"}],"wp:term":[{"taxonomy":"category","embeddable":true,"href":"https:\/\/www.europesays.com\/pt\/wp-json\/wp\/v2\/categories?post=168665"},{"taxonomy":"post_tag","embeddable":true,"href":"https:\/\/www.europesays.com\/pt\/wp-json\/wp\/v2\/tags?post=168665"}],"curies":[{"name":"wp","href":"https:\/\/api.w.org\/{rel}","templated":true}]}}