{"id":168669,"date":"2025-11-28T20:56:24","date_gmt":"2025-11-28T20:56:24","guid":{"rendered":"https:\/\/www.europesays.com\/pt\/168669\/"},"modified":"2025-11-28T20:56:24","modified_gmt":"2025-11-28T20:56:24","slug":"santa-maria-da-feira-estreia-espetaculo-com-220-drones","status":"publish","type":"post","link":"https:\/\/www.europesays.com\/pt\/168669\/","title":{"rendered":"Santa Maria da Feira estreia espet\u00e1culo com 220 drones"},"content":{"rendered":"<p data-remotead-prev-elm=\"true\" data-remotead-elm-id=\"inread\">Um espet\u00e1culo com 220 drones em coreografias de alta precis\u00e3o, a 80 metros de altura, promete marcar a abertura da programa\u00e7\u00e3o de Natal em Santa Maria da Feira, na noite desta sexta-feira, que assinala tamb\u00e9m o regresso do parque natal\u00edcio Perlim. O evento, instalado na Quinta do Castelo e sustentado por um investimento de 1,1 milh\u00f5es de euros, dever\u00e1 atrair 100 mil visitantes ao concelho.<\/p>\n","protected":false},"excerpt":{"rendered":"Um espet\u00e1culo com 220 drones em coreografias de alta precis\u00e3o, a 80 metros de altura, promete marcar a&hellip;\n","protected":false},"author":2,"featured_media":168670,"comment_status":"","ping_status":"","sticky":false,"template":"","format":"standard","meta":{"footnotes":""},"categories":[10],"tags":[27,28,20984,15,16,14,25,26,21,22,7561,12,13,19,20,35387,32,23,24,33,17,18,29,30,31],"class_list":{"0":"post-168669","1":"post","2":"type-post","3":"status-publish","4":"format-standard","5":"has-post-thumbnail","7":"category-portugal","8":"tag-breaking-news","9":"tag-breakingnews","10":"tag-concelho-santa-maria-da-feira","11":"tag-featured-news","12":"tag-featurednews","13":"tag-headlines","14":"tag-latest-news","15":"tag-latestnews","16":"tag-main-news","17":"tag-mainnews","18":"tag-natal","19":"tag-news","20":"tag-noticias","21":"tag-noticias-principais","22":"tag-noticiasprincipais","23":"tag-perlim","24":"tag-portugal","25":"tag-principais-noticias","26":"tag-principaisnoticias","27":"tag-pt","28":"tag-top-stories","29":"tag-topstories","30":"tag-ultimas","31":"tag-ultimas-noticias","32":"tag-ultimasnoticias"},"share_on_mastodon":{"url":"https:\/\/pubeurope.com\/@pt\/115629325407790269","error":""},"_links":{"self":[{"href":"https:\/\/www.europesays.com\/pt\/wp-json\/wp\/v2\/posts\/168669","targetHints":{"allow":["GET"]}}],"collection":[{"href":"https:\/\/www.europesays.com\/pt\/wp-json\/wp\/v2\/posts"}],"about":[{"href":"https:\/\/www.europesays.com\/pt\/wp-json\/wp\/v2\/types\/post"}],"author":[{"embeddable":true,"href":"https:\/\/www.europesays.com\/pt\/wp-json\/wp\/v2\/users\/2"}],"replies":[{"embeddable":true,"href":"https:\/\/www.europesays.com\/pt\/wp-json\/wp\/v2\/comments?post=168669"}],"version-history":[{"count":0,"href":"https:\/\/www.europesays.com\/pt\/wp-json\/wp\/v2\/posts\/168669\/revisions"}],"wp:featuredmedia":[{"embeddable":true,"href":"https:\/\/www.europesays.com\/pt\/wp-json\/wp\/v2\/media\/168670"}],"wp:attachment":[{"href":"https:\/\/www.europesays.com\/pt\/wp-json\/wp\/v2\/media?parent=168669"}],"wp:term":[{"taxonomy":"category","embeddable":true,"href":"https:\/\/www.europesays.com\/pt\/wp-json\/wp\/v2\/categories?post=168669"},{"taxonomy":"post_tag","embeddable":true,"href":"https:\/\/www.europesays.com\/pt\/wp-json\/wp\/v2\/tags?post=168669"}],"curies":[{"name":"wp","href":"https:\/\/api.w.org\/{rel}","templated":true}]}}