{"id":168675,"date":"2025-11-28T21:01:11","date_gmt":"2025-11-28T21:01:11","guid":{"rendered":"https:\/\/www.europesays.com\/pt\/168675\/"},"modified":"2025-11-28T21:01:11","modified_gmt":"2025-11-28T21:01:11","slug":"discussao-entre-zaza-e-teresa-acende-se-quando-o-tema-e-o-ato-de-coragem-de-liliana-veja-a-reacao-hilariante-de-nuno-eiro-secret-story","status":"publish","type":"post","link":"https:\/\/www.europesays.com\/pt\/168675\/","title":{"rendered":"Discuss\u00e3o entre Zaza e Teresa acende-se quando o tema \u00e9 o &#8216;ato de coragem&#8217; de Liliana. Veja a rea\u00e7\u00e3o hilariante de Nuno Eir\u00f3 &#8211; Secret Story"},"content":{"rendered":"<p>No \u00daltima Hora do Secret Story 9, vimos algumas imagens de uma discuss\u00e3o que se instalou ontem na casa mais vigiada do Pa\u00eds e que tem Liliana como a maior protagonista. A concorrente acha que terminar o noivado em direto com Z\u00e9 foi um &#8220;ato de coragem&#8221; e F\u00e1bio parece concordar. J\u00e1 o resto do grupo discorda totalmente, e o caos instala-se entre todos. Sobe o tom de voz de todos os lados e a tens\u00e3o sobe. Em direto no est\u00fadio, Francisco Monteiro e Teresa Silva discutem sobre o tema e parecem n\u00e3o chegar a nenhum consenso, mas o que salta \u00e0 vista \u00e9 a rea\u00e7\u00e3o hilariante do apresentador.\u00a0<\/p>\n<p><strong>Dylan, F\u00e1bio e In\u00eas, s\u00e3o os nomeados desta semana. Vote para salvar o seu preferido:<\/strong><\/p>\n<p>DYLAN \u2013 761 20 20 07<br \/>F\u00c1BIO \u2013 761 20 20 08<br \/>IN\u00caS \u2013 761 20 20 10<\/p>\n<p><a href=\"https:\/\/tvi.iol.pt\/secretstory\/aominuto\" rel=\"nofollow noopener\" target=\"_blank\">Acompanhe aqui tudo o que se passa no Secret Story 9<\/a><\/p>\n","protected":false},"excerpt":{"rendered":"No \u00daltima Hora do Secret Story 9, vimos algumas imagens de uma discuss\u00e3o que se instalou ontem na&hellip;\n","protected":false},"author":2,"featured_media":168676,"comment_status":"","ping_status":"","sticky":false,"template":"","format":"standard","meta":{"footnotes":""},"categories":[142],"tags":[114,115,19033,19034,32,33,151,19032],"class_list":{"0":"post-168675","1":"post","2":"type-post","3":"status-publish","4":"format-standard","5":"has-post-thumbnail","7":"category-tv","8":"tag-entertainment","9":"tag-entretenimento","10":"tag-galas-em-video","11":"tag-melhores-momentos-casa-dos-segredos","12":"tag-portugal","13":"tag-pt","14":"tag-tv","15":"tag-videos-secret-story-tvi"},"share_on_mastodon":{"url":"https:\/\/pubeurope.com\/@pt\/115629345102693544","error":""},"_links":{"self":[{"href":"https:\/\/www.europesays.com\/pt\/wp-json\/wp\/v2\/posts\/168675","targetHints":{"allow":["GET"]}}],"collection":[{"href":"https:\/\/www.europesays.com\/pt\/wp-json\/wp\/v2\/posts"}],"about":[{"href":"https:\/\/www.europesays.com\/pt\/wp-json\/wp\/v2\/types\/post"}],"author":[{"embeddable":true,"href":"https:\/\/www.europesays.com\/pt\/wp-json\/wp\/v2\/users\/2"}],"replies":[{"embeddable":true,"href":"https:\/\/www.europesays.com\/pt\/wp-json\/wp\/v2\/comments?post=168675"}],"version-history":[{"count":0,"href":"https:\/\/www.europesays.com\/pt\/wp-json\/wp\/v2\/posts\/168675\/revisions"}],"wp:featuredmedia":[{"embeddable":true,"href":"https:\/\/www.europesays.com\/pt\/wp-json\/wp\/v2\/media\/168676"}],"wp:attachment":[{"href":"https:\/\/www.europesays.com\/pt\/wp-json\/wp\/v2\/media?parent=168675"}],"wp:term":[{"taxonomy":"category","embeddable":true,"href":"https:\/\/www.europesays.com\/pt\/wp-json\/wp\/v2\/categories?post=168675"},{"taxonomy":"post_tag","embeddable":true,"href":"https:\/\/www.europesays.com\/pt\/wp-json\/wp\/v2\/tags?post=168675"}],"curies":[{"name":"wp","href":"https:\/\/api.w.org\/{rel}","templated":true}]}}