{"id":168691,"date":"2025-11-28T21:16:24","date_gmt":"2025-11-28T21:16:24","guid":{"rendered":"https:\/\/www.europesays.com\/pt\/168691\/"},"modified":"2025-11-28T21:16:24","modified_gmt":"2025-11-28T21:16:24","slug":"video-sandy-canta-alanis-morissette-com-andreas-kisser","status":"publish","type":"post","link":"https:\/\/www.europesays.com\/pt\/168691\/","title":{"rendered":"V\u00eddeo: Sandy canta Alanis Morissette com Andreas Kisser"},"content":{"rendered":"<p class=\"font-base fw-bolder fs-3 lg:fs-4 line-compact text-primary d-flex gap-3 align-items-center no-styled\">\n<p>\t\t\t\tVeja o resumo da not\u00edcia!\t\t\t<\/p>\n<ul class=\"m-0 no-styled\">\n<li class=\"no-styled\">Sandy homenageia Alanis Morissette no Patfest com cover de &#8216;Uninvited&#8217;, acompanhada por Andreas e Yohan Kisser, repetindo participa\u00e7\u00e3o de sucesso.<\/li>\n<li class=\"no-styled\">Apresenta\u00e7\u00e3o de Sandy recebe elogios e relembra performance anterior da m\u00fasica em show no Maracan\u00e3, demonstrando sua conex\u00e3o com a can\u00e7\u00e3o.<\/li>\n<li class=\"no-styled\">Patfest celebra a mem\u00f3ria de Patr\u00edcia Kisser com shows e promove debate sobre cuidados paliativos, marcando sua quarta edi\u00e7\u00e3o com Samuel Rosa.<\/li>\n<li class=\"no-styled\">Samuel Rosa interage com Serginho Groisman no palco, recriando meme do Oasis durante o Patfest, em clima de descontra\u00e7\u00e3o e homenagem.<\/li>\n<\/ul>\n<p>Ap\u00f3s ocasi\u00f5es como a que <a href=\"https:\/\/www.tenhomaisdiscosqueamigos.com\/2023\/10\/26\/sandy-metallica-andreas-kisser\/\" target=\"_blank\" rel=\"noreferrer noopener nofollow\">fez uma cover de <strong>Metallica<\/strong> no Patfest<\/a> a convite de<strong> Andreas Kisser<\/strong>, Sandy voltou ao festival para honrar a carreira de outra figura lend\u00e1ria do Rock: <strong>Alanis Morissette<\/strong>.<\/p>\n<p>A cantora brasileira subiu ao palco do evento realizado nesta quarta-feira (26) na Audio, em S\u00e3o Paulo, para cantar <strong>\u201cUninvited\u201d<\/strong>, sucesso da artista canadense lan\u00e7ado como single da trilha sonora do filme <strong>Cidade dos Anjos<\/strong> em 1998.<\/p>\n<p>Como voc\u00ea pode ver no v\u00eddeo ao final da mat\u00e9ria, Sandy aparece ao lado de Andreas e seu filho, <strong>Yohan Kisser<\/strong>, al\u00e9m de outros m\u00fasicos que fizeram parte da vers\u00e3o ao vivo, executando com muita compet\u00eancia as dif\u00edceis notas da can\u00e7\u00e3o.<\/p>\n<p>Nos coment\u00e1rios da <a href=\"https:\/\/www.instagram.com\/tmdqa\/reel\/DRjpocIAI6e\/\" target=\"_blank\" rel=\"noreferrer noopener nofollow\">publica\u00e7\u00e3o compartilhada pelo TMDQA!<\/a>, muitos usu\u00e1rios do Instagram elogiaram a nova participa\u00e7\u00e3o da filha de<strong> Xoror\u00f3<\/strong> no palco. Um deles comentou, lembrando que Sandy j\u00e1 havia cantado a m\u00fasica em um show no Maracan\u00e3, no Rio de Janeiro, mais de 20 anos atr\u00e1s:<\/p>\n<p class=\"has-text-align-center\"><strong>\u201cEu conheci essa m\u00fasica, crian\u00e7a, por ela. Sandy cantou em 2002, no show do Maracan\u00e3. Acho linda tanto com ela, quanto com a Alanis.\u201d<\/strong><\/p>\n<p>Que momento especial!<\/p>\n<p>Vale lembrar que o clima da quarta edi\u00e7\u00e3o do\u00a0<strong><a href=\"https:\/\/www.tenhomaisdiscosqueamigos.com\/tag\/patfest\/\" rel=\"nofollow noopener\" target=\"_blank\">Patfest<\/a><\/strong>\u00a0foi o melhor poss\u00edvel, e o festival que celebra anualmente a vida de\u00a0<strong>Patr\u00edcia Kisser<\/strong>, esposa de Andreas que faleceu de c\u00e2ncer,\u00a0e refor\u00e7a a import\u00e2ncia do debate sobre cuidados paliativos apresentou muita m\u00fasica boa com nomes consagrados.<\/p>\n<p>A noite, ali\u00e1s, tamb\u00e9m foi marcada por momentos de descontra\u00e7\u00e3o, como o que aconteceu durante o show de\u00a0<strong><a href=\"https:\/\/www.tenhomaisdiscosqueamigos.com\/tag\/samuel-rosa\/\" rel=\"nofollow noopener\" target=\"_blank\">Samuel Rosa<\/a><\/strong>. O ex-l\u00edder do\u00a0<strong><a href=\"https:\/\/www.tenhomaisdiscosqueamigos.com\/tag\/skank\/\" rel=\"nofollow noopener\" target=\"_blank\">Skank<\/a><\/strong> aproveitou a presen\u00e7a de\u00a0<strong><a href=\"https:\/\/www.tenhomaisdiscosqueamigos.com\/tag\/serginho-groisman\/\" rel=\"nofollow noopener\" target=\"_blank\">Serginho Groisman<\/a><\/strong>, apresentador do evento em 2025, <a href=\"https:\/\/www.tenhomaisdiscosqueamigos.com\/2025\/11\/27\/samuel-rosa-serginho-groisman-oasis\/\" target=\"_blank\" rel=\"noreferrer noopener nofollow\">para brincar sobre um \u00f3timo meme<\/a> que envolve o <strong>Oasis<\/strong>, que fez dois <a href=\"https:\/\/www.tenhomaisdiscosqueamigos.com\/2025\/11\/24\/oasis-bonehead-despedida\/\" target=\"_blank\" rel=\"noreferrer noopener nofollow\">shows hist\u00f3ricos em S\u00e3o Paulo na \u00faltima semana<\/a>.<\/p>\n<blockquote class=\"instagram-media\" data-instgrm-captioned=\"\" data-instgrm-permalink=\"https:\/\/www.instagram.com\/reel\/DRjpocIAI6e\/?utm_source=ig_embed&amp;utm_campaign=loading\" data-instgrm-version=\"14\" style=\" background:#FFF; border:0; border-radius:3px; box-shadow:0 0 1px 0 rgba(0,0,0,0.5),0 1px 10px 0 rgba(0,0,0,0.15); margin: 1px; max-width:540px; min-width:326px; padding:0; width:99.375%; width:-webkit-calc(100% - 2px); width:calc(100% - 2px);\"\/>\n<p>\t<script async src=\"\/\/www.instagram.com\/embed.js\"><\/script><\/p>\n","protected":false},"excerpt":{"rendered":"Veja o resumo da not\u00edcia! Sandy homenageia Alanis Morissette no Patfest com cover de &#8216;Uninvited&#8217;, acompanhada por Andreas&hellip;\n","protected":false},"author":2,"featured_media":168692,"comment_status":"","ping_status":"","sticky":false,"template":"","format":"standard","meta":{"footnotes":""},"categories":[141],"tags":[35391,13960,114,115,149,150,32,33,1132,13962,35392],"class_list":{"0":"post-168691","1":"post","2":"type-post","3":"status-publish","4":"format-standard","5":"has-post-thumbnail","7":"category-musica","8":"tag-alanis-morissette","9":"tag-andreas-kisser","10":"tag-entertainment","11":"tag-entretenimento","12":"tag-music","13":"tag-musica","14":"tag-portugal","15":"tag-pt","16":"tag-sandy","17":"tag-sepultura","18":"tag-yohan-kisser"},"share_on_mastodon":{"url":"https:\/\/pubeurope.com\/@pt\/115629404182990295","error":""},"_links":{"self":[{"href":"https:\/\/www.europesays.com\/pt\/wp-json\/wp\/v2\/posts\/168691","targetHints":{"allow":["GET"]}}],"collection":[{"href":"https:\/\/www.europesays.com\/pt\/wp-json\/wp\/v2\/posts"}],"about":[{"href":"https:\/\/www.europesays.com\/pt\/wp-json\/wp\/v2\/types\/post"}],"author":[{"embeddable":true,"href":"https:\/\/www.europesays.com\/pt\/wp-json\/wp\/v2\/users\/2"}],"replies":[{"embeddable":true,"href":"https:\/\/www.europesays.com\/pt\/wp-json\/wp\/v2\/comments?post=168691"}],"version-history":[{"count":0,"href":"https:\/\/www.europesays.com\/pt\/wp-json\/wp\/v2\/posts\/168691\/revisions"}],"wp:featuredmedia":[{"embeddable":true,"href":"https:\/\/www.europesays.com\/pt\/wp-json\/wp\/v2\/media\/168692"}],"wp:attachment":[{"href":"https:\/\/www.europesays.com\/pt\/wp-json\/wp\/v2\/media?parent=168691"}],"wp:term":[{"taxonomy":"category","embeddable":true,"href":"https:\/\/www.europesays.com\/pt\/wp-json\/wp\/v2\/categories?post=168691"},{"taxonomy":"post_tag","embeddable":true,"href":"https:\/\/www.europesays.com\/pt\/wp-json\/wp\/v2\/tags?post=168691"}],"curies":[{"name":"wp","href":"https:\/\/api.w.org\/{rel}","templated":true}]}}