{"id":168695,"date":"2025-11-28T21:18:08","date_gmt":"2025-11-28T21:18:08","guid":{"rendered":"https:\/\/www.europesays.com\/pt\/168695\/"},"modified":"2025-11-28T21:18:08","modified_gmt":"2025-11-28T21:18:08","slug":"andre-villas-boas-ainda-vamos-ver-o-derbi-de-lisboa-terminar-com-tres-pontos-para-cada-um","status":"publish","type":"post","link":"https:\/\/www.europesays.com\/pt\/168695\/","title":{"rendered":"Andr\u00e9 Villas-Boas: &#8220;Ainda vamos ver o d\u00e9rbi de Lisboa terminar com tr\u00eas pontos para cada um&#8221;"},"content":{"rendered":"<p data-remotead-prev-elm=\"true\" data-remotead-elm-id=\"inread\">&#8220;N\u00e3o poderia deixar de vos dizer algumas palavras sobre os recentes acontecimentos que t\u00eam marcado o futebol nacional. Acontecimentos que nos levaram a tomar posi\u00e7\u00f5es duras, quer publicamente, quer junto dos agentes e das inst\u00e2ncias a quem compete atuar no sentido de assegurar que a ind\u00fastria do futebol no nosso pa\u00eds funciona dentro de padr\u00f5es elevados e exigentes&#8221;, escreve Andr\u00e9 Villas-Boas, antes de concretizar.<\/p>\n<p>&#8220;Reunimos recentemente com o presidente da Federa\u00e7\u00e3o Portuguesa de Futebol e com o presidente do Conselho de Arbitragem, refor\u00e7ando o nosso pedido de rapidamente ver assegurada uma maior uniformidade de crit\u00e9rios dos \u00e1rbitros, a implementa\u00e7\u00e3o da profissionaliza\u00e7\u00e3o desse sector, uma maior coer\u00eancia na aplica\u00e7\u00e3o dos crit\u00e9rios de meritocracia nas nomea\u00e7\u00f5es para jogos de maior grau de complexidade&#8221;, revela o l\u00edder dos drag\u00f5es.<\/p>\n<p>&#8220;Sem particularizar e sempre admitindo que as realidades s\u00e3o din\u00e2micas, a nossa indigna\u00e7\u00e3o toma outras propor\u00e7\u00f5es perante as tentativas continuadas de dissimular o que s\u00e3o as fragilidades evidentes do sistema de arbitragem em Portugal&#8221;, acusa Villas-Boas, estendendo a cr\u00edtica aos &#8220;analistas que parecem ter perdido a vergonha de forma descarada&#8221;.<\/p>\n<p data-remotead-prev-elm=\"true\" data-remotead-elm-id=\"centro1\">&#8220;Sempre com benef\u00edcio para lances em que os nossos mais diretos rivais s\u00e3o inadvertidamente beneficiados&#8221;, concretiza Villas-Boas, antes de abordar a pol\u00e9mica reuni\u00e3o da Comiss\u00e3o Permanente de Calend\u00e1rios da Liga Portugal, que se realizou na quinta-feira.<\/p>\n<p>&#8220;Um epis\u00f3dio que reflete bem as ondas de alinhamento que nos tentam desviar do nosso rumo. Incrivelmente e contra uma vota\u00e7\u00e3o de 2-6, o F. C. Porto v\u00ea-se obrigado a jogar na segunda-feira, dia 15 de dezembro, com o Estrela da Amadora, na quinta com o Famalic\u00e3o, para a Ta\u00e7a de Portugal, e dia 22 com o Alverca. Tudo normal, n\u00e3o fosse o facto de o Sporting ter conseguido convencer os demais presentes a dois dias adicionais de descanso [nos jogos dos le\u00f5es]. \u00c9 esta a equidade que \u00e9 promovida pela Liga depois do famoso epis\u00f3dio sucedido com a marca\u00e7\u00e3o do jogo em Arouca&#8221;, recorda.<\/p>\n<p>&#8220;Uma forma de atuar em que o mesmo clube sai sempre prejudicado e em que as Santas Alian\u00e7as se revelam despudoradamente. Ainda vamos ver o d\u00e9rbi de Lisboa terminar com tr\u00eas pontos para cada um&#8221;, ironiza o presidente portista. &#8220;Caminhamos fortes com o foco no t\u00edtulo, sabendo de antem\u00e3o que as armadilhas v\u00e3o ser muitas&#8221;, termina.<\/p>\n","protected":false},"excerpt":{"rendered":"&#8220;N\u00e3o poderia deixar de vos dizer algumas palavras sobre os recentes acontecimentos que t\u00eam marcado o futebol nacional.&hellip;\n","protected":false},"author":2,"featured_media":168696,"comment_status":"","ping_status":"","sticky":false,"template":"","format":"standard","meta":{"footnotes":""},"categories":[87],"tags":[3073,135,20558,32,33,134],"class_list":{"0":"post-168695","1":"post","2":"type-post","3":"status-publish","4":"format-standard","5":"has-post-thumbnail","7":"category-desporto","8":"tag-andre-villas-boas","9":"tag-desporto","10":"tag-f-c-porto","11":"tag-portugal","12":"tag-pt","13":"tag-sports"},"share_on_mastodon":{"url":"https:\/\/pubeurope.com\/@pt\/115629411998529175","error":""},"_links":{"self":[{"href":"https:\/\/www.europesays.com\/pt\/wp-json\/wp\/v2\/posts\/168695","targetHints":{"allow":["GET"]}}],"collection":[{"href":"https:\/\/www.europesays.com\/pt\/wp-json\/wp\/v2\/posts"}],"about":[{"href":"https:\/\/www.europesays.com\/pt\/wp-json\/wp\/v2\/types\/post"}],"author":[{"embeddable":true,"href":"https:\/\/www.europesays.com\/pt\/wp-json\/wp\/v2\/users\/2"}],"replies":[{"embeddable":true,"href":"https:\/\/www.europesays.com\/pt\/wp-json\/wp\/v2\/comments?post=168695"}],"version-history":[{"count":0,"href":"https:\/\/www.europesays.com\/pt\/wp-json\/wp\/v2\/posts\/168695\/revisions"}],"wp:featuredmedia":[{"embeddable":true,"href":"https:\/\/www.europesays.com\/pt\/wp-json\/wp\/v2\/media\/168696"}],"wp:attachment":[{"href":"https:\/\/www.europesays.com\/pt\/wp-json\/wp\/v2\/media?parent=168695"}],"wp:term":[{"taxonomy":"category","embeddable":true,"href":"https:\/\/www.europesays.com\/pt\/wp-json\/wp\/v2\/categories?post=168695"},{"taxonomy":"post_tag","embeddable":true,"href":"https:\/\/www.europesays.com\/pt\/wp-json\/wp\/v2\/tags?post=168695"}],"curies":[{"name":"wp","href":"https:\/\/api.w.org\/{rel}","templated":true}]}}