{"id":168699,"date":"2025-11-28T21:21:20","date_gmt":"2025-11-28T21:21:20","guid":{"rendered":"https:\/\/www.europesays.com\/pt\/168699\/"},"modified":"2025-11-28T21:21:20","modified_gmt":"2025-11-28T21:21:20","slug":"senai-abre-selecao-para-desafio-de-inovacao-de-agencias-espaciais-da-europa","status":"publish","type":"post","link":"https:\/\/www.europesays.com\/pt\/168699\/","title":{"rendered":"SENAI abre sele\u00e7\u00e3o para desafio de inova\u00e7\u00e3o de ag\u00eancias espaciais da Europa"},"content":{"rendered":"<p><strong>Florian\u00f3polis, 28.11.2025 \u2013<\/strong> O SENAI de Santa Catarina est\u00e1 com inscri\u00e7\u00f5es abertas para o ActInSpace 2026, um hackathon internacional criado pela Ag\u00eancia Espacial Francesa (CNES) e pela Ag\u00eancia Espacial Europeia (ESA), que \u00e9 realizado simultaneamente em mais de 45 pa\u00edses. Estudantes, jovens profissionais, pesquisadores e equipes multidisciplinares de todo o Brasil podem participar da disputa que conecta inova\u00e7\u00e3o, tecnologia e desafios reais do setor espacial.<\/p>\n<p>A etapa brasileira ser\u00e1 realizada de forma presencial no Instituto SENAI de Inova\u00e7\u00e3o em Sistemas Embarcados, em Florian\u00f3polis, entre os dias 30 e 31 de janeiro de 2026, durante 24 horas consecutivas. O Instituto \u00e9 refer\u00eancia nacional em pesquisa e desenvolvimento de tecnologias avan\u00e7adas, ambiente ideal para criar solu\u00e7\u00f5es com impacto real.<\/p>\n<p>As inscri\u00e7\u00f5es para o processo de sele\u00e7\u00e3o podem ser feitas at\u00e9 8 de dezembro.<\/p>\n<p>\u25b6\ufe0f <a href=\"https:\/\/materiais.sc.senai.br\/actinspace#rd-form-joq3m2m5\" rel=\"nofollow noopener\" target=\"_blank\">Acesse o site e confira como funciona a sele\u00e7\u00e3o e as principais datas do desafio.<\/a> \u00a0<\/p>\n<p>O objetivo do ActInSpace \u00e9 transformar tecnologias e dados espaciais, como sat\u00e9lites, patentes da ESA, do CNES e sistemas da Airbus, em solu\u00e7\u00f5es que possam virar novos neg\u00f3cios.\u00a0<\/p>\n<p>N\u00e3o \u00e9 necess\u00e1rio ter experi\u00eancia pr\u00e9via: durante todo o hackathon, os participantes recebem mentoria t\u00e9cnica e de neg\u00f3cios, al\u00e9m de apoio na prototipa\u00e7\u00e3o e no pitch final.<\/p>\n<p>Os melhores projetos do Brasil seguem para a fase internacional, com acesso a incubadoras europeias especializadas em tecnologia espacial, como os ESA BICs. \u201cV\u00e1rias startups globais surgiram a partir do ActInSpace e o Brasil agora tem uma nova oportunidade de entrar nesse ecossistema\u201d, frisa Renato Sim\u00e3o, coordenador de inova\u00e7\u00e3o e tecnologia do Instituto SENAI de Inova\u00e7\u00e3o em Sistemas Embarcados.<\/p>\n<p>\ud83d\udc69\u200d\ud83d\ude80 Quem pode participar<\/p>\n<p>O hackathon \u00e9 destinado a estudantes universit\u00e1rios de engenharias, computa\u00e7\u00e3o, f\u00edsica, design, administra\u00e7\u00e3o, neg\u00f3cios e \u00e1reas correlatas; jovens profissionais da tecnologia; pesquisadores; entusiastas do espa\u00e7o; startups e equipes multidisciplinares.<\/p>\n<p>Requisitos: ter 18 anos ou mais e desej\u00e1vel ingl\u00eas intermedi\u00e1rio (B1\/B2). Graduandos, p\u00f3s-graduandos e egressos s\u00e3o bem-vindos.\u00a0<\/p>\n<p>\ud83c\udfaf Por dentro da experi\u00eancia<\/p>\n<p>Durante as 24 horas de maratona, os participantes ter\u00e3o desafios lan\u00e7ados por ESA, CNES, Airbus e parceiros globais, mentorias especializadas, ambiente colaborativo, atividades imersivas, pitch final para banca e, ainda, a possibilidade de representar o Brasil no desafio global.<\/p>\n<p><strong>Federa\u00e7\u00e3o das Ind\u00fastrias do Estado de Santa Catarina &#8211; FIESC<\/strong><br \/><strong>Ger\u00eancia de Comunica\u00e7\u00e3o<\/strong><\/p>\n<p>Quer acesso a mais conte\u00fados como esse? <a href=\"https:\/\/fiesc.com.br\/news\" rel=\"nofollow noopener\" target=\"_blank\">Receba a Ind\u00fastria News direto no seu e-mail, no WhatsApp, ou no LinkedIn.\u00a0<\/a><\/p>\n","protected":false},"excerpt":{"rendered":"Florian\u00f3polis, 28.11.2025 \u2013 O SENAI de Santa Catarina est\u00e1 com inscri\u00e7\u00f5es abertas para o ActInSpace 2026, um hackathon&hellip;\n","protected":false},"author":2,"featured_media":168700,"comment_status":"","ping_status":"","sticky":false,"template":"","format":"standard","meta":{"footnotes":""},"categories":[84],"tags":[109,107,108,32,33,105,103,104,106,110],"class_list":{"0":"post-168699","1":"post","2":"type-post","3":"status-publish","4":"format-standard","5":"has-post-thumbnail","7":"category-ciencia-e-tecnologia","8":"tag-ciencia","9":"tag-ciencia-e-tecnologia","10":"tag-cienciaetecnologia","11":"tag-portugal","12":"tag-pt","13":"tag-science","14":"tag-science-and-technology","15":"tag-scienceandtechnology","16":"tag-technology","17":"tag-tecnologia"},"share_on_mastodon":{"url":"https:\/\/pubeurope.com\/@pt\/115629423678129718","error":""},"_links":{"self":[{"href":"https:\/\/www.europesays.com\/pt\/wp-json\/wp\/v2\/posts\/168699","targetHints":{"allow":["GET"]}}],"collection":[{"href":"https:\/\/www.europesays.com\/pt\/wp-json\/wp\/v2\/posts"}],"about":[{"href":"https:\/\/www.europesays.com\/pt\/wp-json\/wp\/v2\/types\/post"}],"author":[{"embeddable":true,"href":"https:\/\/www.europesays.com\/pt\/wp-json\/wp\/v2\/users\/2"}],"replies":[{"embeddable":true,"href":"https:\/\/www.europesays.com\/pt\/wp-json\/wp\/v2\/comments?post=168699"}],"version-history":[{"count":0,"href":"https:\/\/www.europesays.com\/pt\/wp-json\/wp\/v2\/posts\/168699\/revisions"}],"wp:featuredmedia":[{"embeddable":true,"href":"https:\/\/www.europesays.com\/pt\/wp-json\/wp\/v2\/media\/168700"}],"wp:attachment":[{"href":"https:\/\/www.europesays.com\/pt\/wp-json\/wp\/v2\/media?parent=168699"}],"wp:term":[{"taxonomy":"category","embeddable":true,"href":"https:\/\/www.europesays.com\/pt\/wp-json\/wp\/v2\/categories?post=168699"},{"taxonomy":"post_tag","embeddable":true,"href":"https:\/\/www.europesays.com\/pt\/wp-json\/wp\/v2\/tags?post=168699"}],"curies":[{"name":"wp","href":"https:\/\/api.w.org\/{rel}","templated":true}]}}