{"id":168714,"date":"2025-11-28T21:33:12","date_gmt":"2025-11-28T21:33:12","guid":{"rendered":"https:\/\/www.europesays.com\/pt\/168714\/"},"modified":"2025-11-28T21:33:12","modified_gmt":"2025-11-28T21:33:12","slug":"dia-d-municipal-de-combate-as-arboviroses-mobiliza-populacao-e-e-considerado-um-sucesso-em-tres-lagoas-prefeitura-tres-lagoas","status":"publish","type":"post","link":"https:\/\/www.europesays.com\/pt\/168714\/","title":{"rendered":"Dia D Municipal de Combate \u00e0s Arboviroses mobiliza popula\u00e7\u00e3o e \u00e9 considerado um sucesso em Tr\u00eas Lagoas \u2013 Prefeitura Tr\u00eas Lagoas"},"content":{"rendered":"<p>    <a data-lightbox=\"image\" href=\"https:\/\/www.treslagoas.ms.gov.br\/wp-content\/uploads\/2025\/11\/IMG_5479-1-scaled.jpg\" class=\"hoverBorder pull-left kl-blog-post-img kl-blog-post--default-view\" rel=\"nofollow noopener\" target=\"_blank\"><img loading=\"lazy\" decoding=\"async\" src=\"https:\/\/www.europesays.com\/pt\/wp-content\/uploads\/2025\/11\/IMG_5479-1-scaled-420x280_c.jpg\" width=\"420\" height=\"280\" alt=\"\" title=\"IMG_5479\"\/><\/a>    <\/p>\n<p>O \u201cDia D Municipal de Combate \u00e0s Arboviroses\u201d, realizado nesta quinta-feira (27) pela Prefeitura de Tr\u00eas Lagoas, foi um sucesso e contou com grande participa\u00e7\u00e3o da popula\u00e7\u00e3o. A a\u00e7\u00e3o, promovida pela Secretaria Municipal de Sa\u00fade (SMS), aconteceu na Pra\u00e7a Senador Ramez Tebet e nas principais vias da cidade, com atividades educativas voltadas \u00e0 preven\u00e7\u00e3o da dengue, zika e chikungunya.<\/p>\n<p>Blitz nos sem\u00e1foros e distribui\u00e7\u00e3o de materiais informativos refor\u00e7aram os cuidados necess\u00e1rios para eliminar focos do Aedes aegypti. Na pra\u00e7a, estandes de Entomologia, Promo\u00e7\u00e3o da Sa\u00fade e Endemias apresentaram armadilhas, mapas de calor e equipamentos usados no combate ao mosquito.<\/p>\n<p>A Coordena\u00e7\u00e3o de Imuniza\u00e7\u00e3o tamb\u00e9m marcou presen\u00e7a, realizando a\u00e7\u00f5es de conscientiza\u00e7\u00e3o sobre a import\u00e2ncia da vacina contra a dengue, destacando seu papel fundamental na prote\u00e7\u00e3o da popula\u00e7\u00e3o.<\/p>\n<p>Al\u00e9m disso, a Defesa Civil e o SEST SENAT participaram com orienta\u00e7\u00f5es preventivas. O evento cumpriu seu objetivo ao mobilizar a comunidade e refor\u00e7ar que atitudes simples s\u00e3o essenciais para evitar surtos de arboviroses.<\/p>\n<p>                    <a href=\"#\" rel=\"nofollow\" onclick=\"window.print(); return false;\" title=\"Printer Friendly, PDF &amp; Email\"><br \/>\n                    <img decoding=\"async\" src=\"https:\/\/www.europesays.com\/pt\/wp-content\/uploads\/2025\/10\/printfriendly-icon-lg.png\" alt=\"Print Friendly, PDF &amp; Email\" class=\"pf-button-img\" style=\"width: 25px;height: 25px;\"\/>Imprimir<br \/>\n                    <\/a><\/p>\n","protected":false},"excerpt":{"rendered":"O \u201cDia D Municipal de Combate \u00e0s Arboviroses\u201d, realizado nesta quinta-feira (27) pela Prefeitura de Tr\u00eas Lagoas, foi&hellip;\n","protected":false},"author":2,"featured_media":168715,"comment_status":"","ping_status":"","sticky":false,"template":"","format":"standard","meta":{"footnotes":""},"categories":[86],"tags":[116,32,33,117],"class_list":{"0":"post-168714","1":"post","2":"type-post","3":"status-publish","4":"format-standard","5":"has-post-thumbnail","7":"category-saude","8":"tag-health","9":"tag-portugal","10":"tag-pt","11":"tag-saude"},"share_on_mastodon":{"url":"https:\/\/pubeurope.com\/@pt\/115629471081858035","error":""},"_links":{"self":[{"href":"https:\/\/www.europesays.com\/pt\/wp-json\/wp\/v2\/posts\/168714","targetHints":{"allow":["GET"]}}],"collection":[{"href":"https:\/\/www.europesays.com\/pt\/wp-json\/wp\/v2\/posts"}],"about":[{"href":"https:\/\/www.europesays.com\/pt\/wp-json\/wp\/v2\/types\/post"}],"author":[{"embeddable":true,"href":"https:\/\/www.europesays.com\/pt\/wp-json\/wp\/v2\/users\/2"}],"replies":[{"embeddable":true,"href":"https:\/\/www.europesays.com\/pt\/wp-json\/wp\/v2\/comments?post=168714"}],"version-history":[{"count":0,"href":"https:\/\/www.europesays.com\/pt\/wp-json\/wp\/v2\/posts\/168714\/revisions"}],"wp:featuredmedia":[{"embeddable":true,"href":"https:\/\/www.europesays.com\/pt\/wp-json\/wp\/v2\/media\/168715"}],"wp:attachment":[{"href":"https:\/\/www.europesays.com\/pt\/wp-json\/wp\/v2\/media?parent=168714"}],"wp:term":[{"taxonomy":"category","embeddable":true,"href":"https:\/\/www.europesays.com\/pt\/wp-json\/wp\/v2\/categories?post=168714"},{"taxonomy":"post_tag","embeddable":true,"href":"https:\/\/www.europesays.com\/pt\/wp-json\/wp\/v2\/tags?post=168714"}],"curies":[{"name":"wp","href":"https:\/\/api.w.org\/{rel}","templated":true}]}}