{"id":168720,"date":"2025-11-28T21:38:10","date_gmt":"2025-11-28T21:38:10","guid":{"rendered":"https:\/\/www.europesays.com\/pt\/168720\/"},"modified":"2025-11-28T21:38:10","modified_gmt":"2025-11-28T21:38:10","slug":"centro-comercial-babilonia-alvo-de-operacao-de-fiscalizacao-da-psp-amadora","status":"publish","type":"post","link":"https:\/\/www.europesays.com\/pt\/168720\/","title":{"rendered":"Centro Comercial Babil\u00f3nia alvo de opera\u00e7\u00e3o de fiscaliza\u00e7\u00e3o da PSP | Amadora"},"content":{"rendered":"<p>Uma opera\u00e7\u00e3o de fiscaliza\u00e7\u00e3o, orquestrada pela PSP e outras entidades, decorre esta sexta-feira, 28 de Novembro, no Centro Comercial Babil\u00f3nia, na Amadora. A pol\u00edcia pretende identificar imigrantes ilegais e recuperar telem\u00f3veis roubados, tendo j\u00e1 detido pelo menos um cidad\u00e3o estrangeiro e apreendido dez dispositivos, avan\u00e7ou fonte da PSP \u00e0 SIC Not\u00edcias.<\/p>\n<p>Al\u00e9m do imigrante detido por &#8220;perman\u00eancia ilegal em territ\u00f3rio nacional&#8221;, a PSP avan\u00e7ou que outras pessoas identificadas foram notificadas para regularizarem a sua situa\u00e7\u00e3o no pa\u00eds. A iniciativa foi motivada por den\u00fancias de pessoas cujos telem\u00f3veis foram roubados e, quando os tentaram localizar, perceberam que se encontravam dentro do referido centro comercial.<\/p>\n<p>A opera\u00e7\u00e3o teve in\u00edcio pelas 15h desta sexta-feira, tendo a PSP bloqueado todas as entradas e sa\u00eddas do espa\u00e7o comercial, n\u00e3o dando oportunidade aos comerciantes de encerrarem os estabelecimentos, como tinha acontecido na \u00faltima semana quando a ASAE tentou inspeccionar as lojas, avan\u00e7ou a SIC Not\u00edcias.<\/p>\n<p>No Centro Comercial Babil\u00f3nia, &#8220;70 a 80%&#8221; das lojas dedicam-se \u00e0 venda de telem\u00f3veis em segunda m\u00e3o, cada uma delas com &#8220;centenas de telem\u00f3veis usados&#8221;, avan\u00e7ou fonte da PSP, explicando que mesmo quando se sabe que os aparelhos roubados est\u00e3o dentro do centro comercial, \u00e9 dif\u00edcil localiz\u00e1-los.<\/p>\n","protected":false},"excerpt":{"rendered":"Uma opera\u00e7\u00e3o de fiscaliza\u00e7\u00e3o, orquestrada pela PSP e outras entidades, decorre esta sexta-feira, 28 de Novembro, no Centro&hellip;\n","protected":false},"author":2,"featured_media":168721,"comment_status":"","ping_status":"","sticky":false,"template":"","format":"standard","meta":{"footnotes":""},"categories":[10],"tags":[4249,27,28,15,16,14,1481,25,26,797,352,21,22,12,13,19,20,542,32,23,24,1306,33,4057,17,18,29,30,31],"class_list":{"0":"post-168720","1":"post","2":"type-post","3":"status-publish","4":"format-standard","5":"has-post-thumbnail","7":"category-portugal","8":"tag-amadora","9":"tag-breaking-news","10":"tag-breakingnews","11":"tag-featured-news","12":"tag-featurednews","13":"tag-headlines","14":"tag-imigracao","15":"tag-latest-news","16":"tag-latestnews","17":"tag-lisboa","18":"tag-local","19":"tag-main-news","20":"tag-mainnews","21":"tag-news","22":"tag-noticias","23":"tag-noticias-principais","24":"tag-noticiasprincipais","25":"tag-para-redes","26":"tag-portugal","27":"tag-principais-noticias","28":"tag-principaisnoticias","29":"tag-psp","30":"tag-pt","31":"tag-telemoveis","32":"tag-top-stories","33":"tag-topstories","34":"tag-ultimas","35":"tag-ultimas-noticias","36":"tag-ultimasnoticias"},"share_on_mastodon":{"url":"https:\/\/pubeurope.com\/@pt\/115629490409315521","error":""},"_links":{"self":[{"href":"https:\/\/www.europesays.com\/pt\/wp-json\/wp\/v2\/posts\/168720","targetHints":{"allow":["GET"]}}],"collection":[{"href":"https:\/\/www.europesays.com\/pt\/wp-json\/wp\/v2\/posts"}],"about":[{"href":"https:\/\/www.europesays.com\/pt\/wp-json\/wp\/v2\/types\/post"}],"author":[{"embeddable":true,"href":"https:\/\/www.europesays.com\/pt\/wp-json\/wp\/v2\/users\/2"}],"replies":[{"embeddable":true,"href":"https:\/\/www.europesays.com\/pt\/wp-json\/wp\/v2\/comments?post=168720"}],"version-history":[{"count":0,"href":"https:\/\/www.europesays.com\/pt\/wp-json\/wp\/v2\/posts\/168720\/revisions"}],"wp:featuredmedia":[{"embeddable":true,"href":"https:\/\/www.europesays.com\/pt\/wp-json\/wp\/v2\/media\/168721"}],"wp:attachment":[{"href":"https:\/\/www.europesays.com\/pt\/wp-json\/wp\/v2\/media?parent=168720"}],"wp:term":[{"taxonomy":"category","embeddable":true,"href":"https:\/\/www.europesays.com\/pt\/wp-json\/wp\/v2\/categories?post=168720"},{"taxonomy":"post_tag","embeddable":true,"href":"https:\/\/www.europesays.com\/pt\/wp-json\/wp\/v2\/tags?post=168720"}],"curies":[{"name":"wp","href":"https:\/\/api.w.org\/{rel}","templated":true}]}}