{"id":168742,"date":"2025-11-28T22:01:23","date_gmt":"2025-11-28T22:01:23","guid":{"rendered":"https:\/\/www.europesays.com\/pt\/168742\/"},"modified":"2025-11-28T22:01:23","modified_gmt":"2025-11-28T22:01:23","slug":"avc-e-a-emergencia-mais-comum-entre-homens-diz-especialista-a-kalil","status":"publish","type":"post","link":"https:\/\/www.europesays.com\/pt\/168742\/","title":{"rendered":"AVC \u00e9 a emerg\u00eancia mais comum entre homens, diz especialista \u00e0 Kalil"},"content":{"rendered":"<p class=\"my-5 break-words group-[.isActiveSource]:text-xl\">Apesar dos avan\u00e7os no diagn\u00f3stico e no tratamento, as doen\u00e7as card\u00edacas seguem como a principal causa de \u00f3bito entre homens no Brasil. Para alertar sobre o assunto, o &#8220;<strong class=\"group-[.isActiveSource]:text-xl group-[.isActiveSource]:font-bold\">CNN Sinais Vitais &#8211; Dr. Kalil Entrevista<\/strong>&#8221; de s\u00e1bado (29) coloca em pauta as condi\u00e7\u00f5es que representam os principais riscos \u00e0 sa\u00fade masculina.<\/p>\n<p class=\"my-5 break-words group-[.isActiveSource]:text-xl\">Segundo a Sociedade Brasileira de Cardiologia, cerca de 400 mil brasileiros morrem por <a href=\"https:\/\/www.cnnbrasil.com.br\/saude\/dormir-bem-pode-reduzir-risco-de-doencas-cardiovasculares-e-metabolicas\/\" target=\"_blank\" rel=\"noopener noreferrer nofollow\" class=\"text-red-600 underline hover:text-red-500 font-medium break-words group-[.isActiveSource]:text-xl\">doen\u00e7as cardiovasculares<\/a> anualmente, o equivalente a uma morte a cada 80 segundos no pa\u00eds. Desse total, a maior parte est\u00e1 entre homens.<\/p>\n<p class=\"my-5 break-words group-[.isActiveSource]:text-xl\">Atualmente, 14 milh\u00f5es de pessoas convivem com algum tipo de doen\u00e7a cardiovascular no Brasil, sendo mais da metade do sexo masculino. Entre os infartos registrados em pessoas com menos de 55 anos, quatro em cada cinco pacientes s\u00e3o homens.<\/p>\n<p class=\"my-5 break-words group-[.isActiveSource]:text-xl\">No programa, <strong class=\"group-[.isActiveSource]:text-xl group-[.isActiveSource]:font-bold\">Dr. Roberto Kalil<\/strong> recebe Rog\u00e9rio Tuma, neurologista do Hospital S\u00edrio-Liban\u00eas, e Fausto Feres, diretor do Instituto Dante Pazzanese, para explicar por que os homens est\u00e3o mais expostos a essas doen\u00e7as e quais fatores aumentam esse risco.<\/p>\n<p class=\"my-5 break-words group-[.isActiveSource]:text-xl\">Segundo os especialistas, os principais fatores que agravam esse cen\u00e1rio s\u00e3o o estresse, a priva\u00e7\u00e3o do sono, o consumo de \u00e1lcool, o tabagismo, o uso de estimulantes e a obesidade abdominal.<\/p>\n<p class=\"my-5 break-words group-[.isActiveSource]:text-xl\">&#8220;Eles [os energ\u00e9ticos] aumentam o esfor\u00e7o card\u00edaco, aumentam a press\u00e3o e provocam desgaste no sistema cardiovascular&#8221;, afirma Tuma. O \u00e1lcool tamb\u00e9m \u00e9 um dos principais vil\u00f5es da sa\u00fade card\u00edaca, de acordo com Feres.<\/p>\n<p class=\"my-5 break-words group-[.isActiveSource]:text-xl\">J\u00e1 entre as emerg\u00eancias, a mais comum \u00e9 o\u00a0<a href=\"https:\/\/www.cnnbrasil.com.br\/saude\/avc-entenda-causas-riscos-e-a-importancia-do-diagnostico-precoce\/\" target=\"_blank\" rel=\"noopener noreferrer nofollow\" class=\"text-red-600 underline hover:text-red-500 font-medium break-words group-[.isActiveSource]:text-xl\">AVC<\/a> (acidente vascular cerebral). &#8220;Da mesma maneira que a aterosclerose afeta o cora\u00e7\u00e3o, causando o infarto, esse infarto, que \u00e9 a isquemia, tamb\u00e9m pode acontecer no c\u00e9rebro&#8221;, afirma Tuma.<\/p>\n<p class=\"my-5 break-words group-[.isActiveSource]:text-xl\">A conversa tamb\u00e9m aborda a maior incid\u00eancia de morte s\u00fabita entre homens. Segundo Feres, isso ocorre porque muitos t\u00eam doen\u00e7a coron\u00e1ria n\u00e3o diagnosticada e ignoram sinais iniciais. &#8220;O primeiro sintoma de uma doen\u00e7a extremamente trai\u00e7oeira pode se manifestar como morte s\u00fabita&#8221;, afirma.<\/p>\n<p class=\"my-5 break-words group-[.isActiveSource]:text-xl\">Para prevenir a morte, o acesso ao atendimento m\u00e9dico r\u00e1pido \u00e9 fundamental, principalmente em casos de infarto. &#8220;Se n\u00f3s conseguirmos abrir a art\u00e9ria no tempo h\u00e1bil, a mortalidade cai de mais de 20% para cerca de 5%&#8221;, diz Feres.<\/p>\n<p class=\"my-5 break-words group-[.isActiveSource]:text-xl\">A mesma l\u00f3gica, segundo Tuma, se aplica ao AVC: &#8220;Quanto mais tempo se perde, mais tecido neurol\u00f3gico \u00e9 perdido&#8221;, afirma.<\/p>\n<p class=\"my-5 break-words group-[.isActiveSource]:text-xl\">J\u00e1 para manter a sa\u00fade cardiovascular em dia e evitar ocorr\u00eancias como infarto e AVC, \u00e9 fundamental seguir o m\u00e9todo conhecido como &#8220;<strong class=\"group-[.isActiveSource]:text-xl group-[.isActiveSource]:font-bold\">ABCDE<\/strong>&#8220;:<\/p>\n<ul class=\"list-none [li&gt;&amp;]:pl-5\">\n<li class=\"[ul&gt;&amp;]:indent-5 mb-3 break-words [ul&gt;&amp;]:relative [ul&gt;&amp;]:before:absolute [ul&gt;&amp;]:before:left-1 [ul&gt;&amp;]:before:top-2 [ul&gt;&amp;]:before:w-2 [ul&gt;&amp;]:before:h-2 [ul&gt;&amp;]:before:bg-red-600 [ul&gt;&amp;]:before:rounded-full marker:inline group-[.isActiveSource]:text-xl\"><strong class=\"group-[.isActiveSource]:text-xl group-[.isActiveSource]:font-bold\">A<\/strong>: avalia\u00e7\u00e3o e conscientiza\u00e7\u00e3o dos riscos de doen\u00e7as card\u00edacas;<\/li>\n<li class=\"[ul&gt;&amp;]:indent-5 mb-3 break-words [ul&gt;&amp;]:relative [ul&gt;&amp;]:before:absolute [ul&gt;&amp;]:before:left-1 [ul&gt;&amp;]:before:top-2 [ul&gt;&amp;]:before:w-2 [ul&gt;&amp;]:before:h-2 [ul&gt;&amp;]:before:bg-red-600 [ul&gt;&amp;]:before:rounded-full marker:inline group-[.isActiveSource]:text-xl\"><strong class=\"group-[.isActiveSource]:text-xl group-[.isActiveSource]:font-bold\">B<\/strong>: controle da press\u00e3o arterial (vem do ingl\u00eas &#8220;blood pressure control&#8221;);<\/li>\n<li class=\"[ul&gt;&amp;]:indent-5 mb-3 break-words [ul&gt;&amp;]:relative [ul&gt;&amp;]:before:absolute [ul&gt;&amp;]:before:left-1 [ul&gt;&amp;]:before:top-2 [ul&gt;&amp;]:before:w-2 [ul&gt;&amp;]:before:h-2 [ul&gt;&amp;]:before:bg-red-600 [ul&gt;&amp;]:before:rounded-full marker:inline group-[.isActiveSource]:text-xl\"><strong class=\"group-[.isActiveSource]:text-xl group-[.isActiveSource]:font-bold\">C<\/strong>: cessa\u00e7\u00e3o do tabagismo e <a href=\"https:\/\/www.cnnbrasil.com.br\/saude\/controlar-o-colesterol-e-essencial-para-evitar-segundo-infarto-veja-como\/\" target=\"_blank\" rel=\"noopener noreferrer nofollow\" class=\"text-red-600 underline hover:text-red-500 font-medium break-words group-[.isActiveSource]:text-xl\">controle do colesterol<\/a>;<\/li>\n<li class=\"[ul&gt;&amp;]:indent-5 mb-3 break-words [ul&gt;&amp;]:relative [ul&gt;&amp;]:before:absolute [ul&gt;&amp;]:before:left-1 [ul&gt;&amp;]:before:top-2 [ul&gt;&amp;]:before:w-2 [ul&gt;&amp;]:before:h-2 [ul&gt;&amp;]:before:bg-red-600 [ul&gt;&amp;]:before:rounded-full marker:inline group-[.isActiveSource]:text-xl\"><strong class=\"group-[.isActiveSource]:text-xl group-[.isActiveSource]:font-bold\">D<\/strong>: tratamento do diabetes e otimiza\u00e7\u00e3o da dieta;<\/li>\n<li class=\"[ul&gt;&amp;]:indent-5 mb-3 break-words [ul&gt;&amp;]:relative [ul&gt;&amp;]:before:absolute [ul&gt;&amp;]:before:left-1 [ul&gt;&amp;]:before:top-2 [ul&gt;&amp;]:before:w-2 [ul&gt;&amp;]:before:h-2 [ul&gt;&amp;]:before:bg-red-600 [ul&gt;&amp;]:before:rounded-full marker:inline group-[.isActiveSource]:text-xl\"><strong class=\"group-[.isActiveSource]:text-xl group-[.isActiveSource]:font-bold\">E<\/strong>: pr\u00e1tica regular de exerc\u00edcios f\u00edsicos.<\/li>\n<\/ul>\n<p class=\"my-5 break-words group-[.isActiveSource]:text-xl\"><strong class=\"group-[.isActiveSource]:text-xl group-[.isActiveSource]:font-bold\">O \u201cCNN Sinais Vitais \u2013 Dr. Kalil Entrevista\u201d vai ao ar no s\u00e1bado, 29 de novembro, \u00e0s 19h30, na CNN Brasil.<\/strong><\/p>\n","protected":false},"excerpt":{"rendered":"Apesar dos avan\u00e7os no diagn\u00f3stico e no tratamento, as doen\u00e7as card\u00edacas seguem como a principal causa de \u00f3bito&hellip;\n","protected":false},"author":2,"featured_media":168743,"comment_status":"","ping_status":"","sticky":false,"template":"","format":"standard","meta":{"footnotes":""},"categories":[86],"tags":[116,32,33,117],"class_list":{"0":"post-168742","1":"post","2":"type-post","3":"status-publish","4":"format-standard","5":"has-post-thumbnail","7":"category-saude","8":"tag-health","9":"tag-portugal","10":"tag-pt","11":"tag-saude"},"share_on_mastodon":{"url":"https:\/\/pubeurope.com\/@pt\/115629580993924405","error":""},"_links":{"self":[{"href":"https:\/\/www.europesays.com\/pt\/wp-json\/wp\/v2\/posts\/168742","targetHints":{"allow":["GET"]}}],"collection":[{"href":"https:\/\/www.europesays.com\/pt\/wp-json\/wp\/v2\/posts"}],"about":[{"href":"https:\/\/www.europesays.com\/pt\/wp-json\/wp\/v2\/types\/post"}],"author":[{"embeddable":true,"href":"https:\/\/www.europesays.com\/pt\/wp-json\/wp\/v2\/users\/2"}],"replies":[{"embeddable":true,"href":"https:\/\/www.europesays.com\/pt\/wp-json\/wp\/v2\/comments?post=168742"}],"version-history":[{"count":0,"href":"https:\/\/www.europesays.com\/pt\/wp-json\/wp\/v2\/posts\/168742\/revisions"}],"wp:featuredmedia":[{"embeddable":true,"href":"https:\/\/www.europesays.com\/pt\/wp-json\/wp\/v2\/media\/168743"}],"wp:attachment":[{"href":"https:\/\/www.europesays.com\/pt\/wp-json\/wp\/v2\/media?parent=168742"}],"wp:term":[{"taxonomy":"category","embeddable":true,"href":"https:\/\/www.europesays.com\/pt\/wp-json\/wp\/v2\/categories?post=168742"},{"taxonomy":"post_tag","embeddable":true,"href":"https:\/\/www.europesays.com\/pt\/wp-json\/wp\/v2\/tags?post=168742"}],"curies":[{"name":"wp","href":"https:\/\/api.w.org\/{rel}","templated":true}]}}