{"id":168744,"date":"2025-11-28T22:02:15","date_gmt":"2025-11-28T22:02:15","guid":{"rendered":"https:\/\/www.europesays.com\/pt\/168744\/"},"modified":"2025-11-28T22:02:15","modified_gmt":"2025-11-28T22:02:15","slug":"francisco-monteiro-deixa-conselho-a-pedro-jorge-e-marisa","status":"publish","type":"post","link":"https:\/\/www.europesays.com\/pt\/168744\/","title":{"rendered":"Francisco Monteiro deixa conselho a Pedro Jorge e Marisa"},"content":{"rendered":"<p>\t\t\t\t\t\t\t\t\t\t\t\t<a href=\"#\" onclick=\"window.open('http:\/\/www.facebook.com\/sharer.php?u=https:\/\/cusquices.com\/francisco-monteiro-deixa-conselho-a-pedro-jorge-e-marisa\/&amp;t=Francisco Monteiro deixa conselho a Pedro Jorge e Marisa', 'facebookShare', 'width=626,height=436'); return false;\" title=\"Share on Facebook\"><\/p>\n<p>Share<\/p>\n<p><\/a><br \/>\n\t\t\t\t\t\t\t\t\t\t\t\t<a href=\"#\" onclick=\"window.open('http:\/\/twitter.com\/share?text=Francisco Monteiro deixa conselho a Pedro Jorge e Marisa -&amp;url=https:\/\/cusquices.com\/francisco-monteiro-deixa-conselho-a-pedro-jorge-e-marisa\/', 'twitterShare', 'width=626,height=436'); return false;\" title=\"Tweet This Post\"><\/p>\n<p>Tweet<\/p>\n<p><\/a><br \/>\n\t\t\t\t\t\t\t\t\t\t\t\t<a href=\"whatsapp:\/\/send?text=Francisco Monteiro deixa conselho a Pedro Jorge e Marisa https:\/\/cusquices.com\/francisco-monteiro-deixa-conselho-a-pedro-jorge-e-marisa\/\" rel=\"nofollow\"><\/p>\n<p>Share<\/p>\n<p><\/a><br \/>\n\t\t\t\t\t\t\t\t\t\t\t\t<a href=\"#\" onclick=\"window.open('http:\/\/pinterest.com\/pin\/create\/button\/?url=https:\/\/cusquices.com\/francisco-monteiro-deixa-conselho-a-pedro-jorge-e-marisa\/&amp;media=https:\/\/cusquices.com\/wp-content\/uploads\/2025\/11\/zaza-pedromarisa-1000x600.jpg&amp;description=Francisco Monteiro deixa conselho a Pedro Jorge e Marisa', 'pinterestShare', 'width=750,height=350'); return false;\" title=\"Pin This Post\"><\/p>\n<p>Share<\/p>\n<p><\/a><br \/>\n\t\t\t\t\t\t\t\t\t\t\t\t<a href=\"mailto:?subject=Francisco Monteiro deixa conselho a Pedro Jorge e Marisa&amp;BODY=I found this article interesting and thought of sharing it with you. Check it out: https:\/\/cusquices.com\/francisco-monteiro-deixa-conselho-a-pedro-jorge-e-marisa\/\"><\/p>\n<p>Email<\/p>\n<p><\/a><br \/>\n\t\t\t\t\t\t\t\t\t\t\t\t\t\t\t\t\t\t\t\t\t\t\t\t\t\t\t\t\t\t\t\t\t\t\t\t\t\t\t\t\t\t\t\t\t\t\t\t\t\t\t\t\t<a href=\"https:\/\/cusquices.com\/francisco-monteiro-deixa-conselho-a-pedro-jorge-e-marisa\/#respond\" rel=\"nofollow noopener\" target=\"_blank\"><\/p>\n<p>Francisco Monteiro reagiu \u00e0s \u00faltimas discuss\u00f5es, de Pedro Jorge e Marisa e deixou-lhes alguns conselhos.<\/p>\n<p>A nova discuss\u00e3o de<strong> Pedro Jorge e Marisa<\/strong>, foi um dos temas em destaque no <strong>Extra do Secret Story<\/strong>, desta quinta-feira, 27 de novembro. <strong>Francisco Monteiro<\/strong> foi um dos comentadores em est\u00fadio e mostrou-se perplexo como o relacionamento ainda se mant\u00e9m, depois de tantas discuss\u00f5es, trocas de acusa\u00e7\u00f5es e cenas feias de ci\u00fames que t\u00eam protagonizado no programa.<\/p>\n<p>\u201c<strong>Eu olho para este casal e n\u00e3o consigo perceber como \u00e9 que eles ainda est\u00e3o juntos. Qualquer coisa que eles falem d\u00e1 em discuss\u00e3o. N\u00e3o sei se \u00e9 de prop\u00f3sito ou n\u00e3o, mas a Marisa pisa nos bot\u00f5ezinhos certos do Pedro, o Pedro explode, e isto \u00e9 todos os dias assim em repeti\u00e7\u00e3o<\/strong>\u201c, come\u00e7ou por dizer Zaza.<\/p>\n<p>Estupefacto com o relacionamento do casal, Zaza acrescentou: \u201c<strong>Eu n\u00e3o consigo perceber como \u00e9 que eles funcionam. Eu n\u00e3o estou a desculpar o Pedro, est\u00e3o os dois mal, sou aqui o primeiro a dizer<\/strong>\u201c.<\/p>\n<p>Francisco Monteiro \u201c<strong>Se me perguntassem de fora se tenho algum conselho para lhes dar, tenho: separados, por favor. Porque realmente \u00e9 imposs\u00edvel fazerem bem um ao outro, se isto for assim<\/strong>\u201c. Pouco depois, Zaza salientou: \u201c<strong>Eu estou a falar do que vejo no programa, eu n\u00e3o os conhe\u00e7o de c\u00e1 de fora<\/strong>\u201c.<\/p>\n<p>Pode ver <a href=\"https:\/\/tvi.iol.pt\/secretstory\/videos\/francisco-monteiro-nao-percebe-como-e-que-marisa-e-pedro-ainda-estao-juntos-e-da-conselho-radical\/692961bc0cf28fe430486d61\" target=\"_blank\" rel=\"noreferrer noopener nofollow\">momento aqui.<\/a><\/p>\n<p><strong>Leia tamb\u00e9m:<\/strong><\/p>\n<p>\t\t\t\t\t\t\t\t\t\t\t\t\t\t\t\t\t\t\t\t\t\t\t\t\t<img decoding=\"async\" src=\"https:\/\/www.europesays.com\/pt\/wp-content\/uploads\/2025\/10\/cusquices-logo-52x.png\" class=\"webpexpress-processed\"\/><\/p>\n<p>\t\t\t\t\t\t\t\t\t\t\t\t\t\t\t\t\t\t\t\t\t            \t\t\t\t\t\t\t\t\t\t\t\t\t\t\t\t\t\t\t\t\t\t\t\t\t\t\t\t\t\t\t\t\t\t\t\t\t\t\t<script async src=\"https:\/\/platform.twitter.com\/widgets.js\" charset=\"utf-8\"><\/script><\/p>\n","protected":false},"excerpt":{"rendered":"Share Tweet Share Share Email Francisco Monteiro reagiu \u00e0s \u00faltimas discuss\u00f5es, de Pedro Jorge e Marisa e deixou-lhes&hellip;\n","protected":false},"author":2,"featured_media":168745,"comment_status":"","ping_status":"","sticky":false,"template":"","format":"standard","meta":{"footnotes":""},"categories":[85],"tags":[2632,49,114,115,2071,21766,21416,32,33],"class_list":{"0":"post-168744","1":"post","2":"type-post","3":"status-publish","4":"format-standard","5":"has-post-thumbnail","7":"category-entretenimento","8":"tag-casa-dos-segredos","9":"tag-destaques","10":"tag-entertainment","11":"tag-entretenimento","12":"tag-francisco-monteiro","13":"tag-marisa-pires","14":"tag-pedro-jorge","15":"tag-portugal","16":"tag-pt"},"share_on_mastodon":{"url":"https:\/\/pubeurope.com\/@pt\/115629584948924357","error":""},"_links":{"self":[{"href":"https:\/\/www.europesays.com\/pt\/wp-json\/wp\/v2\/posts\/168744","targetHints":{"allow":["GET"]}}],"collection":[{"href":"https:\/\/www.europesays.com\/pt\/wp-json\/wp\/v2\/posts"}],"about":[{"href":"https:\/\/www.europesays.com\/pt\/wp-json\/wp\/v2\/types\/post"}],"author":[{"embeddable":true,"href":"https:\/\/www.europesays.com\/pt\/wp-json\/wp\/v2\/users\/2"}],"replies":[{"embeddable":true,"href":"https:\/\/www.europesays.com\/pt\/wp-json\/wp\/v2\/comments?post=168744"}],"version-history":[{"count":0,"href":"https:\/\/www.europesays.com\/pt\/wp-json\/wp\/v2\/posts\/168744\/revisions"}],"wp:featuredmedia":[{"embeddable":true,"href":"https:\/\/www.europesays.com\/pt\/wp-json\/wp\/v2\/media\/168745"}],"wp:attachment":[{"href":"https:\/\/www.europesays.com\/pt\/wp-json\/wp\/v2\/media?parent=168744"}],"wp:term":[{"taxonomy":"category","embeddable":true,"href":"https:\/\/www.europesays.com\/pt\/wp-json\/wp\/v2\/categories?post=168744"},{"taxonomy":"post_tag","embeddable":true,"href":"https:\/\/www.europesays.com\/pt\/wp-json\/wp\/v2\/tags?post=168744"}],"curies":[{"name":"wp","href":"https:\/\/api.w.org\/{rel}","templated":true}]}}