{"id":168746,"date":"2025-11-28T22:04:11","date_gmt":"2025-11-28T22:04:11","guid":{"rendered":"https:\/\/www.europesays.com\/pt\/168746\/"},"modified":"2025-11-28T22:04:11","modified_gmt":"2025-11-28T22:04:11","slug":"pensoes-mais-baixas-deverao-ter-subida-de-28-em-2026-observador","status":"publish","type":"post","link":"https:\/\/www.europesays.com\/pt\/168746\/","title":{"rendered":"Pens\u00f5es mais baixas dever\u00e3o ter subida de 2,8% em 2026 \u2013 Observador"},"content":{"rendered":"<p>A maioria das pens\u00f5es, at\u00e9 cerca de 1.045 euros atualmente (1.074,26\u00a0euros em 2026), dever\u00e1 aumentar 2,8% em janeiro, segundo estimativas do Observador com base nos dados divulgados esta sexta-feira pelo INE.<\/p>\n<p>Para a aferi\u00e7\u00e3o da atualiza\u00e7\u00e3o das pens\u00f5es \u00e9 tido em conta os valores da infla\u00e7\u00e3o (anual sem habita\u00e7\u00e3o) de novembro e os dois \u00faltimos anos de evolu\u00e7\u00e3o do PIB (terminados no terceiro trimestre). Ambos os valores foram divulgados esta sexta-feira pelo INE, ainda que, no caso da infla\u00e7\u00e3o, seja um valor provis\u00f3rio que ter\u00e1 de ser confirmado \u2014 o INE aponta a divulga\u00e7\u00e3o final desse indicador para 12 de dezembro. S\u00f3 depois disso publicar\u00e1 o Governo a portaria confirmando os valores a que as pens\u00f5es ser\u00e3o atualizadas em 2026.<\/p>\n<p>Se as pens\u00f5es at\u00e9 dois IAS (1.045 euros atualmente, mas que em 2026 subir\u00e1 para 1.074,26 euros) dever\u00e3o ter um aumento de 2,8%, as pens\u00f5es entre dois e seis IAS (entre 1.045 a 3.135 euros neste ano, que em 2026 subir\u00e1 para um intervalo entre 1.074,26 e 3.222,78 euros) ter\u00e3o uma atualiza\u00e7\u00e3o de 2,27% e acima de seis IAS (3.135 euros este ano e de 3.222,78 euros em 2026) de 2,02%.<\/p>\n<p>Ros\u00e1rio Palma Ramalho, ministra do Trabalho, Solidariedade e Seguran\u00e7a Social, indicou no Parlamento essa proje\u00e7\u00e3o, <a href=\"https:\/\/observador.pt\/2025\/11\/07\/governo-insiste-na-recusa-do-aumento-extra-nas-pensoes-nao-exclui-suplemento-extraordinario-depois-de-dar-mais-mil-milhoes-a-pensionistas\/\" rel=\"nofollow noopener\" target=\"_blank\">contabilizando um custo com a atualiza\u00e7\u00e3o das pens\u00f5es<\/a> de 940 milh\u00f5es de euros \u2014 somando os 640 milh\u00f5es da seguran\u00e7a social e os 300 milh\u00f5es da Caixa Geral de Aposenta\u00e7\u00f5es.<\/p>\n<blockquote class=\"wp-embedded-content\" data-secret=\"RUrQl36BTR\">\n<p><a href=\"https:\/\/observador.pt\/2025\/11\/07\/governo-insiste-na-recusa-do-aumento-extra-nas-pensoes-nao-exclui-suplemento-extraordinario-depois-de-dar-mais-mil-milhoes-a-pensionistas\/\" rel=\"nofollow noopener\" target=\"_blank\">Governo insiste na recusa do aumento extra nas pens\u00f5es. N\u00e3o exclui suplemento extraordin\u00e1rio depois de dar mais mil milh\u00f5es a pensionistas<\/a><\/p>\n<\/blockquote>\n<p>A ministra do Trabalho declarou, tamb\u00e9m no Parlamento, que 90% dos pensionistas v\u00e3o recuperar poder de compra. <a href=\"https:\/\/observador.pt\/2025\/10\/24\/governo-estima-que-so-pensoes-acima-de-3-100-euros-vao-perder-poder-de-compra-em-2026\/\" rel=\"nofollow noopener\" target=\"_blank\">Pelos c\u00e1lculos do Governo,<\/a> apenas as pens\u00f5es acima de 6 IAS (3.100 euros) \u201c\u00e9 que v\u00e3o perder poder de compra\u201d.<\/p>\n<p>Ao contr\u00e1rio do que aconteceu em 2025, que o Parlamento, em sede de Or\u00e7amento do Estado, conseguiu acrescentar mais 1,25 pontos \u00e0 atualiza\u00e7\u00e3o das pens\u00f5es, este ano a proposta do Chega, que pretendia adicionar 1,5 pontos, n\u00e3o foi aprovada. Assim as pens\u00f5es ser\u00e3o atualizadas conforma a lei determinada. No entanto, e consoante a execu\u00e7\u00e3o or\u00e7amental estiver a decorrer, poder\u00e1 ser pago um suplemento extraordin\u00e1rio \u00e0 semelhan\u00e7a do que aconteceu em 2024 e 2025.<\/p>\n<p>Os limites dos escal\u00f5es dependem do Indexante de Apoios Sociais (IAS) que, por sua vez, tamb\u00e9m est\u00e1 dependente da infla\u00e7\u00e3o e do PIB. Segundo as contas do Observador, o IAS dever\u00e1 subir 2,8% face aos atuais 522,5 euros, o que significa que chegar\u00e1 a 537,13 euros.<\/p>\n<p>O valor do IAS n\u00e3o conta apenas para as pens\u00f5es, mas \u00e9 importante igualmente para\u00a0os limites do subs\u00eddio desemprego, os escal\u00f5es do abono de fam\u00edlia, ou para a elegibilidade do Rendimento Social de Inser\u00e7\u00e3o (RSI), entre v\u00e1rios outros apoios.<\/p>\n<p>(Not\u00edcia corrigida nas pens\u00f5es mais baixas e no IAS por causa do arredondamento para 2,8%)<\/p>\n","protected":false},"excerpt":{"rendered":"A maioria das pens\u00f5es, at\u00e9 cerca de 1.045 euros atualmente (1.074,26\u00a0euros em 2026), dever\u00e1 aumentar 2,8% em janeiro,&hellip;\n","protected":false},"author":2,"featured_media":168747,"comment_status":"","ping_status":"","sticky":false,"template":"","format":"standard","meta":{"footnotes":""},"categories":[83],"tags":[88,476,89,90,21694,32,33,1055],"class_list":{"0":"post-168746","1":"post","2":"type-post","3":"status-publish","4":"format-standard","5":"has-post-thumbnail","7":"category-empresas","8":"tag-business","9":"tag-economia","10":"tag-economy","11":"tag-empresas","12":"tag-pensu00f5es","13":"tag-portugal","14":"tag-pt","15":"tag-seguranu00e7a-social"},"share_on_mastodon":{"url":"https:\/\/pubeurope.com\/@pt\/115629592714816922","error":""},"_links":{"self":[{"href":"https:\/\/www.europesays.com\/pt\/wp-json\/wp\/v2\/posts\/168746","targetHints":{"allow":["GET"]}}],"collection":[{"href":"https:\/\/www.europesays.com\/pt\/wp-json\/wp\/v2\/posts"}],"about":[{"href":"https:\/\/www.europesays.com\/pt\/wp-json\/wp\/v2\/types\/post"}],"author":[{"embeddable":true,"href":"https:\/\/www.europesays.com\/pt\/wp-json\/wp\/v2\/users\/2"}],"replies":[{"embeddable":true,"href":"https:\/\/www.europesays.com\/pt\/wp-json\/wp\/v2\/comments?post=168746"}],"version-history":[{"count":0,"href":"https:\/\/www.europesays.com\/pt\/wp-json\/wp\/v2\/posts\/168746\/revisions"}],"wp:featuredmedia":[{"embeddable":true,"href":"https:\/\/www.europesays.com\/pt\/wp-json\/wp\/v2\/media\/168747"}],"wp:attachment":[{"href":"https:\/\/www.europesays.com\/pt\/wp-json\/wp\/v2\/media?parent=168746"}],"wp:term":[{"taxonomy":"category","embeddable":true,"href":"https:\/\/www.europesays.com\/pt\/wp-json\/wp\/v2\/categories?post=168746"},{"taxonomy":"post_tag","embeddable":true,"href":"https:\/\/www.europesays.com\/pt\/wp-json\/wp\/v2\/tags?post=168746"}],"curies":[{"name":"wp","href":"https:\/\/api.w.org\/{rel}","templated":true}]}}