{"id":168769,"date":"2025-11-28T22:20:12","date_gmt":"2025-11-28T22:20:12","guid":{"rendered":"https:\/\/www.europesays.com\/pt\/168769\/"},"modified":"2025-11-28T22:20:12","modified_gmt":"2025-11-28T22:20:12","slug":"sondagem-ad-voltaria-a-vencer-ps-ficaria-a-frente-do-chega-observador","status":"publish","type":"post","link":"https:\/\/www.europesays.com\/pt\/168769\/","title":{"rendered":"Sondagem. AD voltaria a vencer, PS ficaria \u00e0 frente do Chega \u2013 Observador"},"content":{"rendered":"<p>Se as elei\u00e7\u00f5es legislativas fossem hoje, a AD voltaria a vencer e o Chega regressaria ao terceiro lugar, atr\u00e1s do PS. Os\u00a0<a href=\"https:\/\/sicnoticias.pt\/pais\/politica\/2025-11-28-video-ad-continua-a-vencer-ps-bate-chega-e--re-conquista-2.-lugar-d9dd72ef\" rel=\"nofollow noopener\" target=\"_blank\">dados<\/a> s\u00e3o da sondagem\u00a0do ICS (Instituto de Ci\u00eancias Sociais da Universidade de Lisboa) e do ISCTE (Instituto Universit\u00e1rio de Lisboa) para a SIC e Expresso.<\/p>\n<p>Tal como aconteceu nas \u00faltimas legislativas, os portugueses voltariam a dar o primeiro lugar \u00e0 AD com 31%. Por\u00e9m, no segundo e terceiro lugares haveria uma altera\u00e7\u00e3o: o PS surge na fotografia do momento com 28% das inten\u00e7\u00f5es de voto e o Chega com 24%, o que devolveria o partido de Ventura ao terceiro lugar. Ainda assim, os dois partidos surgem com percentagens superiores \u00e0s que tiveram em maio.<\/p>\n<p>Dos restantes partidos com assento parlamentar, a Iniciativa Liberal surge com 4% das inten\u00e7\u00f5es de voto, seguida por CDU e Livre, ambos com 3%, e o Bloco de Esquerda com 2%. Na pesquisa o PAN e o JPP, que atualmente t\u00eam um deputado \u00fanico cada, n\u00e3o conseguem ir al\u00e9m dos 1%.<\/p>\n<p>Os valores apresentados t\u00eam em conta a distribui\u00e7\u00e3o de indecisos e excluem os abstencionistas. E o trabalho de campo da pesquisa foi feito entre os dias 7 e 17 de novembro, com 807 entrevistas v\u00e1lidas.<\/p>\n<blockquote class=\"wp-embedded-content\" data-secret=\"j1Tqe7TPaz\">\n<p><a href=\"https:\/\/observador.pt\/2025\/11\/27\/sondagem-coloca-gouveia-e-melo-e-andre-ventura-na-segunda-volta-almirante-vence-todos-os-candidatos-na-outra-fase\/\" rel=\"nofollow noopener\" target=\"_blank\">Sondagem coloca Gouveia e Melo e Andr\u00e9 Ventura na segunda volta. Almirante vence todos os candidatos na outra fase<\/a><\/p>\n<\/blockquote>\n","protected":false},"excerpt":{"rendered":"Se as elei\u00e7\u00f5es legislativas fossem hoje, a AD voltaria a vencer e o Chega regressaria ao terceiro lugar,&hellip;\n","protected":false},"author":2,"featured_media":168770,"comment_status":"","ping_status":"","sticky":false,"template":"","format":"standard","meta":{"footnotes":""},"categories":[10],"tags":[27,28,18468,15,16,14,25,26,21,22,12,13,19,20,302,32,23,24,33,58,7585,17,18,29,30,31],"class_list":{"0":"post-168769","1":"post","2":"type-post","3":"status-publish","4":"format-standard","5":"has-post-thumbnail","7":"category-portugal","8":"tag-breaking-news","9":"tag-breakingnews","10":"tag-eleiu00e7u00f5es-legislativas","11":"tag-featured-news","12":"tag-featurednews","13":"tag-headlines","14":"tag-latest-news","15":"tag-latestnews","16":"tag-main-news","17":"tag-mainnews","18":"tag-news","19":"tag-noticias","20":"tag-noticias-principais","21":"tag-noticiasprincipais","22":"tag-polu00edtica","23":"tag-portugal","24":"tag-principais-noticias","25":"tag-principaisnoticias","26":"tag-pt","27":"tag-sociedade","28":"tag-sondagens","29":"tag-top-stories","30":"tag-topstories","31":"tag-ultimas","32":"tag-ultimas-noticias","33":"tag-ultimasnoticias"},"share_on_mastodon":{"url":"https:\/\/pubeurope.com\/@pt\/115629655828490271","error":""},"_links":{"self":[{"href":"https:\/\/www.europesays.com\/pt\/wp-json\/wp\/v2\/posts\/168769","targetHints":{"allow":["GET"]}}],"collection":[{"href":"https:\/\/www.europesays.com\/pt\/wp-json\/wp\/v2\/posts"}],"about":[{"href":"https:\/\/www.europesays.com\/pt\/wp-json\/wp\/v2\/types\/post"}],"author":[{"embeddable":true,"href":"https:\/\/www.europesays.com\/pt\/wp-json\/wp\/v2\/users\/2"}],"replies":[{"embeddable":true,"href":"https:\/\/www.europesays.com\/pt\/wp-json\/wp\/v2\/comments?post=168769"}],"version-history":[{"count":0,"href":"https:\/\/www.europesays.com\/pt\/wp-json\/wp\/v2\/posts\/168769\/revisions"}],"wp:featuredmedia":[{"embeddable":true,"href":"https:\/\/www.europesays.com\/pt\/wp-json\/wp\/v2\/media\/168770"}],"wp:attachment":[{"href":"https:\/\/www.europesays.com\/pt\/wp-json\/wp\/v2\/media?parent=168769"}],"wp:term":[{"taxonomy":"category","embeddable":true,"href":"https:\/\/www.europesays.com\/pt\/wp-json\/wp\/v2\/categories?post=168769"},{"taxonomy":"post_tag","embeddable":true,"href":"https:\/\/www.europesays.com\/pt\/wp-json\/wp\/v2\/tags?post=168769"}],"curies":[{"name":"wp","href":"https:\/\/api.w.org\/{rel}","templated":true}]}}