{"id":16877,"date":"2025-08-05T10:20:34","date_gmt":"2025-08-05T10:20:34","guid":{"rendered":"https:\/\/www.europesays.com\/pt\/16877\/"},"modified":"2025-08-05T10:20:34","modified_gmt":"2025-08-05T10:20:34","slug":"as-melhores-noites-de-cinema-ao-ar-livre-sao-em-agosto-no-jardim-do-torel-entrada-gratis","status":"publish","type":"post","link":"https:\/\/www.europesays.com\/pt\/16877\/","title":{"rendered":"As melhores noites de cinema ao ar livre s\u00e3o em agosto, no Jardim do Torel (entrada gr\u00e1tis)"},"content":{"rendered":"<p>\t\t\t\t\t\t\t\t\t\t\t\t\t\t\t\t\t\t\t\t\t\t<img loading=\"lazy\" decoding=\"async\" src=\"https:\/\/www.europesays.com\/pt\/wp-content\/uploads\/2025\/08\/cinema-no-verao-no-jardim-do-torel-@freguesiasantoantoniolisboa-_6-1024x683.jpeg\" class=\"img-fluid\" alt=\"cinema no vera\u0303o no jardim do torel\" width=\"1024\" height=\"683\"\/><br \/>\n\t\t\t\t\t\t\t\t\t\t\t\t\t\t\t\t\t\t\t\t\t\tFotos por @freguesiasantoantoniolisboa<\/p>\n<p><strong><a href=\"https:\/\/lisboasecreta.co\/cinemas-ar-livre-em-lisboa\/\" rel=\"noopener noreferrer nofollow\" target=\"_self\" class=\"shortcode-outbound-link\" data-has-ga=\"true\" data-ga-type=\"click\" data-label=\"https:\/\/lisboasecreta.co\/cinemas-ar-livre-em-lisboa\/\" data-action=\"text_cta_0\" data-category=\"click_internal\">Cinema ao ar livre,<\/a> em agosto, \u00e9 no Jardim do Torel,<\/strong> que abre os seus port\u00f5es para mais uma <strong>edi\u00e7\u00e3o do Cinema no Ver\u00e3o,<\/strong> transformando este <strong>incr\u00edvel <a href=\"https:\/\/lisboasecreta.co\/19-miradouros-de-lisboa\/#jardim-do-torel\" rel=\"noopener noreferrer nofollow\" target=\"_self\" class=\"shortcode-outbound-link\" data-has-ga=\"true\" data-ga-type=\"click\" data-label=\"https:\/\/lisboasecreta.co\/19-miradouros-de-lisboa\/#jardim-do-torel\" data-action=\"text_cta_1\" data-category=\"click_internal\">miradouro de Lisboa<\/a><\/strong> numa aut\u00eantica sala para assistires aos melhores filmes da s\u00e9tima arte.<\/p>\n<p>Com sess\u00f5es de cinema gratuitas <strong>todas as sextas-feiras e s\u00e1bados<\/strong> (sempre \u00e0s 21h) durante o m\u00eas de agosto, este \u00e9 um dos eventos que os lisboetas mais aguardam, revelando-se uma excelente op\u00e7\u00e3o para quem procura desfrutar, de uma forma mais prazerosa, das noites quentes na capital, <strong>rodeado de natureza, em boa companhia e com um cartaz cheio de filmes ic\u00f3nicos,<\/strong> que vamos conhecer j\u00e1 a seguir.<\/p>\n<p><img fetchpriority=\"high\" decoding=\"async\" class=\"size-full wp-image-94508\" src=\"https:\/\/www.europesays.com\/pt\/wp-content\/uploads\/2025\/08\/cinema-no-verao-no-jardim-do-torel-@freguesiasantoantoniolisboa-_4.jpg\" alt=\"pessoas a assistir a um filme nas sess\u00f5es de cinema ao ar livre no jardim do torel\" width=\"1200\" height=\"1598\"  \/><\/p>\n<p> O cartaz dos filmes <\/p>\n<p>A sele\u00e7\u00e3o de filmes para o ver\u00e3o de 2025 inclui <strong>grandes cl\u00e1ssicos de diversos g\u00e9neros e d\u00e9cadas:<\/strong><\/p>\n<ul>\n<li>8 de agosto: The Lucky One (2012)<\/li>\n<li>9 de agosto: Groundhog Day (1993) \/ O Feiti\u00e7o do Tempo<\/li>\n<li>15 de agosto: Risky Business (1983) \/ Neg\u00f3cio Arriscado<\/li>\n<li>16 de agosto: Stand By Me (1986) \/ Conta Comigo<\/li>\n<li>22 de agosto: Goodfellas (1990) \/ Tudo Bons Rapazes<\/li>\n<li>23 de agosto: Full Metal Jacket (1987) \/ Nascido Para Matar<\/li>\n<li>29 de agosto: Blazing Saddles (1974) \/ Balb\u00fardia no Oeste<\/li>\n<li>30 de agosto: Tootsie (1982) \/ Tootsie \u2013 Quando Ele era Ela<\/li>\n<\/ul>\n<p><img loading=\"lazy\" decoding=\"async\" class=\"size-full wp-image-94509\" src=\"https:\/\/www.europesays.com\/pt\/wp-content\/uploads\/2025\/08\/cinema-no-verao-no-jardim-do-torel-@freguesiasantoantoniolisboa-_3.jpg\" alt=\"pessoas a assistir a um filme nas sess\u00f5es de cinema ao ar livre no jardim do torel\" width=\"1200\" height=\"1202\"  \/><\/p>\n<p> Apresenta\u00e7\u00f5es e document\u00e1rios <\/p>\n<p>Podes nem te recordar, mas \u00e9 um imperativo sempre que vamos a uma sala de cinema ver um filme: <strong>as apresenta\u00e7\u00f5es de outros filmes.<\/strong><\/p>\n<p>Ora bem, no Cinema no Ver\u00e3o no Jardim do Torel, estas apresenta\u00e7\u00f5es <strong>come\u00e7am \u00e0s 20h<\/strong> e s\u00e3o substitu\u00eddas pela <strong>exibi\u00e7\u00e3o de curtas-metragens<\/strong> do programa \u201cCinema de Palmo e Meio\u201d, dirigidas \u00e0s fam\u00edlias, <strong>e do document\u00e1rio \u201cPelas Pessoas Sempre\u201d,<\/strong> que mostra o patrim\u00f3nio e a vida da Freguesia de Santo Ant\u00f3nio, que patrocina estas sess\u00f5es cinematogr\u00e1ficas no Jardim do Torel.<\/p>\n<p>Para entrares numa destas sess\u00f5es nem sequer necessitas de uma inscri\u00e7\u00e3o pr\u00e9via: <strong>\u00e9 totalmente gr\u00e1tis, <\/strong>bastando chegares ao relvado do Jardim do Torel carregado com uma <strong>mantinha ou cadeira de praia <\/strong>(para te sentares caso j\u00e1 n\u00e3o consigas um lugar dispon\u00edvel).<\/p>\n<p><strong>Morada:<\/strong> Rua J\u00falio de Andrade (perto da esta\u00e7\u00e3o de metro Avenida)<br \/><strong>Hor\u00e1rios:<\/strong> at\u00e9 30 de agosto (\u00e0s 20h)<\/p>\n<p style=\"text-align:center;\"><strong>N\u00e3o fiques a ver navios! Segue-nos no <a class=\"c-link\" href=\"https:\/\/www.facebook.com\/LisboaSecreta\/\" rel=\"nofollow noopener noreferrer\" target=\"_blank\">Facebook,<\/a> no <a class=\"c-link\" href=\"https:\/\/www.instagram.com\/lisboasecreta\/\" rel=\"nofollow noopener noreferrer\" target=\"_blank\">Instagram<\/a> e agora tamb\u00e9m no <a class=\"c-link\" href=\"https:\/\/whatsapp.com\/channel\/0029VazjBFIGE56cK7wPv31v\" rel=\"nofollow noopener noreferrer\" target=\"_blank\">WhatsApp!<\/a><\/strong><\/p>\n<p>\t\t\t\t<script async src=\"\/\/www.instagram.com\/embed.js\"><\/script><\/p>\n","protected":false},"excerpt":{"rendered":"Fotos por @freguesiasantoantoniolisboa Cinema ao ar livre, em agosto, \u00e9 no Jardim do Torel, que abre os seus&hellip;\n","protected":false},"author":2,"featured_media":16878,"comment_status":"","ping_status":"","sticky":false,"template":"","format":"standard","meta":{"footnotes":""},"categories":[85],"tags":[4132,4963,114,115,32,33,293],"class_list":{"0":"post-16877","1":"post","2":"type-post","3":"status-publish","4":"format-standard","5":"has-post-thumbnail","7":"category-entretenimento","8":"tag-bilhetes-para-atracoes","9":"tag-cinema-ao-ar-livre","10":"tag-entertainment","11":"tag-entretenimento","12":"tag-portugal","13":"tag-pt","14":"tag-verao"},"share_on_mastodon":{"url":"","error":""},"_links":{"self":[{"href":"https:\/\/www.europesays.com\/pt\/wp-json\/wp\/v2\/posts\/16877","targetHints":{"allow":["GET"]}}],"collection":[{"href":"https:\/\/www.europesays.com\/pt\/wp-json\/wp\/v2\/posts"}],"about":[{"href":"https:\/\/www.europesays.com\/pt\/wp-json\/wp\/v2\/types\/post"}],"author":[{"embeddable":true,"href":"https:\/\/www.europesays.com\/pt\/wp-json\/wp\/v2\/users\/2"}],"replies":[{"embeddable":true,"href":"https:\/\/www.europesays.com\/pt\/wp-json\/wp\/v2\/comments?post=16877"}],"version-history":[{"count":0,"href":"https:\/\/www.europesays.com\/pt\/wp-json\/wp\/v2\/posts\/16877\/revisions"}],"wp:featuredmedia":[{"embeddable":true,"href":"https:\/\/www.europesays.com\/pt\/wp-json\/wp\/v2\/media\/16878"}],"wp:attachment":[{"href":"https:\/\/www.europesays.com\/pt\/wp-json\/wp\/v2\/media?parent=16877"}],"wp:term":[{"taxonomy":"category","embeddable":true,"href":"https:\/\/www.europesays.com\/pt\/wp-json\/wp\/v2\/categories?post=16877"},{"taxonomy":"post_tag","embeddable":true,"href":"https:\/\/www.europesays.com\/pt\/wp-json\/wp\/v2\/tags?post=16877"}],"curies":[{"name":"wp","href":"https:\/\/api.w.org\/{rel}","templated":true}]}}