{"id":168771,"date":"2025-11-28T22:21:21","date_gmt":"2025-11-28T22:21:21","guid":{"rendered":"https:\/\/www.europesays.com\/pt\/168771\/"},"modified":"2025-11-28T22:21:21","modified_gmt":"2025-11-28T22:21:21","slug":"russia-ficou-sem-a-sua-unica-plataforma-para-lancamentos-espaciais-tripulados","status":"publish","type":"post","link":"https:\/\/www.europesays.com\/pt\/168771\/","title":{"rendered":"R\u00fassia ficou sem a sua \u00fanica plataforma para lan\u00e7amentos espaciais tripulados"},"content":{"rendered":"<p>Esta quinta-feira, a \u00fanica plataforma que permite \u00e0 R\u00fassia lan\u00e7ar foguet\u00f5es espaciais tripulados ficou danificada, ap\u00f3s um acidente de lan\u00e7amento.<\/p>\n<p><a target=\"_blank\" href=\"https:\/\/pplware.sapo.pt\/wp-content\/uploads\/2025\/11\/lancamento_soyuz_ms28_baikonur.jpg\" onclick=\"refreshIframe()\" class=\"foobox\" rel=\"nofollow noopener\"><img fetchpriority=\"high\" decoding=\"async\" src=\"https:\/\/www.europesays.com\/pt\/wp-content\/uploads\/2025\/11\/lancamento_soyuz_ms28_baikonur-720x405.jpg\" alt=\"Lan\u00e7amento da R\u00fassia a partir da plataforma do Cosm\u00f3dromo de Baikonur, situada no Cazaquist\u00e3o\" width=\"720\" height=\"405\" class=\"aligncenter wp-image-1090779 size-medium\"  \/><\/a>\n<\/p>\n<p>A ag\u00eancia espacial russa Roscosmos <a target=\"_blank\" href=\"https:\/\/www.reuters.com\/science\/baikonur-launch-pad-damaged-after-russian-soyuz-launch-international-space-2025-11-27\/\" rel=\"nofollow noopener\">informou<\/a> que a plataforma do Cosm\u00f3dromo de Baikonur, situada no Cazaquist\u00e3o e a \u00fanica que permite \u00e0 R\u00fassia lan\u00e7ar foguet\u00f5es espaciais tripulados, ficou danificada num acidente de lan\u00e7amento, esta quinta-feira.<\/p>\n<p>Segundo a ag\u00eancia, nas redes sociais, ap\u00f3s inspecionar as instala\u00e7\u00f5es, foram identificados &#8220;danos em v\u00e1rios componentes&#8221; da plataforma de lan\u00e7amento.<\/p>\n<p>O acidente teve lugar durante o lan\u00e7amento de um foguet\u00e3o Soyuz que transportava uma tripula\u00e7\u00e3o russo-americana para a Esta\u00e7\u00e3o Espacial Internacional (em ingl\u00eas, ISS).<\/p>\n<p>A miss\u00e3o Soyuz MS-38, que transportava os cosmonautas Sergey Kud-Sverchkov e Sergey Mikhailev, bem como o astronauta norte-americano da <a target=\"_blank\" href=\"https:\/\/www.nasa.gov\/blogs\/spacestation\/2025\/11\/27\/crew-from-nasa-roscosmos-launching-to-station-on-nasa\/\" rel=\"nofollow noopener\">NASA <\/a>Chris Williams, foi lan\u00e7ada de Baikonur na manh\u00e3 de ontem.<\/p>\n<p>Posteriormente, segundo a Roscosmos, a nave espacial acoplou-se \u00e0 ISS sem danos.<\/p>\n<p><a target=\"_blank\" href=\"https:\/\/www.europesays.com\/pt\/wp-content\/uploads\/2025\/11\/soyuz_russia_foguetao_ms38.jpg\" onclick=\"refreshIframe()\" class=\"foobox\"><img loading=\"lazy\" decoding=\"async\" aria-describedby=\"caption-attachment-1090778\" src=\"https:\/\/www.europesays.com\/pt\/wp-content\/uploads\/2025\/11\/soyuz_russia_foguetao_ms38.jpg\" alt=\"\" width=\"720\" height=\"405\" class=\"wp-image-1090778 size-full\"  \/><\/a><\/p>\n<p id=\"caption-attachment-1090778\" class=\"wp-caption-text\">Miss\u00e3o Soyuz MS-28 da Roscosmos a ser lan\u00e7ada para a ISS, a partir do Cosm\u00f3dromo de Baikonur, no Cazaquist\u00e3o, a 27 de novembro de 2025. Fonte: Pavel Mikheyev, via <a target=\"_blank\" href=\"https:\/\/www.reuters.com\/science\/baikonur-launch-pad-damaged-after-russian-soyuz-launch-international-space-2025-11-27\/\" rel=\"nofollow noopener\">Reuters<\/a><\/p>\n<p>R\u00fassia n\u00e3o poder\u00e1 fazer lan\u00e7amentos tripulados por um longo per\u00edodo<\/p>\n<p>Apesar do acidente, a ag\u00eancia espacial russa garantiu que &#8220;todos os equipamentos de reserva est\u00e3o dispon\u00edveis para repara\u00e7\u00e3o&#8221; e que a plataforma de lan\u00e7amento ser\u00e1 restaurada &#8220;o mais rapidamente poss\u00edvel&#8221;.<\/p>\n<p>Citada pela Agence France-Presse, a imprensa espacial russa disse que o pa\u00eds ficar\u00e1 incapaz de fazer lan\u00e7amentos tripulados em Baikonur por um longo per\u00edodo, pois os danos nas instala\u00e7\u00f5es durante o lan\u00e7amento foram significativos.<\/p>\n","protected":false},"excerpt":{"rendered":"Esta quinta-feira, a \u00fanica plataforma que permite \u00e0 R\u00fassia lan\u00e7ar foguet\u00f5es espaciais tripulados ficou danificada, ap\u00f3s um acidente&hellip;\n","protected":false},"author":2,"featured_media":168772,"comment_status":"","ping_status":"","sticky":false,"template":"","format":"standard","meta":{"footnotes":""},"categories":[8],"tags":[27,28,1008,15,16,14,271,25,26,21,22,12,13,19,20,32,23,24,33,839,17,18,29,30,31,35426],"class_list":{"0":"post-168771","1":"post","2":"type-post","3":"status-publish","4":"format-standard","5":"has-post-thumbnail","7":"category-principais-noticias","8":"tag-breaking-news","9":"tag-breakingnews","10":"tag-espaco","11":"tag-featured-news","12":"tag-featurednews","13":"tag-headlines","14":"tag-lancamento","15":"tag-latest-news","16":"tag-latestnews","17":"tag-main-news","18":"tag-mainnews","19":"tag-news","20":"tag-noticias","21":"tag-noticias-principais","22":"tag-noticiasprincipais","23":"tag-portugal","24":"tag-principais-noticias","25":"tag-principaisnoticias","26":"tag-pt","27":"tag-russia","28":"tag-top-stories","29":"tag-topstories","30":"tag-ultimas","31":"tag-ultimas-noticias","32":"tag-ultimasnoticias","33":"tag-voo-tripulado"},"share_on_mastodon":{"url":"https:\/\/pubeurope.com\/@pt\/115629659856849552","error":""},"_links":{"self":[{"href":"https:\/\/www.europesays.com\/pt\/wp-json\/wp\/v2\/posts\/168771","targetHints":{"allow":["GET"]}}],"collection":[{"href":"https:\/\/www.europesays.com\/pt\/wp-json\/wp\/v2\/posts"}],"about":[{"href":"https:\/\/www.europesays.com\/pt\/wp-json\/wp\/v2\/types\/post"}],"author":[{"embeddable":true,"href":"https:\/\/www.europesays.com\/pt\/wp-json\/wp\/v2\/users\/2"}],"replies":[{"embeddable":true,"href":"https:\/\/www.europesays.com\/pt\/wp-json\/wp\/v2\/comments?post=168771"}],"version-history":[{"count":0,"href":"https:\/\/www.europesays.com\/pt\/wp-json\/wp\/v2\/posts\/168771\/revisions"}],"wp:featuredmedia":[{"embeddable":true,"href":"https:\/\/www.europesays.com\/pt\/wp-json\/wp\/v2\/media\/168772"}],"wp:attachment":[{"href":"https:\/\/www.europesays.com\/pt\/wp-json\/wp\/v2\/media?parent=168771"}],"wp:term":[{"taxonomy":"category","embeddable":true,"href":"https:\/\/www.europesays.com\/pt\/wp-json\/wp\/v2\/categories?post=168771"},{"taxonomy":"post_tag","embeddable":true,"href":"https:\/\/www.europesays.com\/pt\/wp-json\/wp\/v2\/tags?post=168771"}],"curies":[{"name":"wp","href":"https:\/\/api.w.org\/{rel}","templated":true}]}}