{"id":168773,"date":"2025-11-28T22:22:11","date_gmt":"2025-11-28T22:22:11","guid":{"rendered":"https:\/\/www.europesays.com\/pt\/168773\/"},"modified":"2025-11-28T22:22:11","modified_gmt":"2025-11-28T22:22:11","slug":"mae-da-atriz-mel-maia-morre-no-rio-rio-de-janeiro","status":"publish","type":"post","link":"https:\/\/www.europesays.com\/pt\/168773\/","title":{"rendered":"M\u00e3e da atriz Mel Maia morre no Rio | Rio de Janeiro"},"content":{"rendered":"<p>                                        D\u00e9bora Maia, m\u00e3e da atriz Melissa Maia, morre no Rio &#8211; Reprodu\u00e7\u00e3o do Instagram<\/p>\n<p class=\"content-media__description\">D\u00e9bora Maia, m\u00e3e da atriz Melissa Maia, morre no RioReprodu\u00e7\u00e3o do Instagram<\/p>\n<p>                                                        Publicado 28\/11\/2025 15:02 | Atualizado 28\/11\/2025 15:24\n                    <\/p>\n<p>Rio &#8211;\u00a0D\u00e9bora Maia, m\u00e3e da atriz Mel Maia, morreu aos 53 anos, nesta sexta-feira (28), no Rio. A informa\u00e7\u00e3o foi confirmada pela assessoria de imprensa da atriz, ao<strong> DIA<\/strong>, por meio de um comunicado. A causa do falecimento, no entanto, n\u00e3o foi informada.\u00a0<\/p>\n<p>&#8220;\u00c9 com imenso pesar que comunicamos o falecimento de D\u00e9bora Maia, m\u00e3e da atriz Melissa Maia.<br \/>Neste momento de dor e luto, pedimos a todos os f\u00e3s, imprensa, amigos e parceiros que compreendam a necessidade de recolhimento e privacidade da fam\u00edlia.\u00a0Agradecemos a todos pela compreens\u00e3o e respeito&#8221;, informa a nota.\u00a0<\/p>\n<p>Al\u00e9m de Mel, D\u00e9bora tamb\u00e9m era m\u00e3e de\u00a0Yasmin e Lukas, que\u00a0morreu quando tinha apenas 3 anos.\u00a0<\/p>\n","protected":false},"excerpt":{"rendered":"D\u00e9bora Maia, m\u00e3e da atriz Melissa Maia, morre no Rio &#8211; Reprodu\u00e7\u00e3o do Instagram D\u00e9bora Maia, m\u00e3e da&hellip;\n","protected":false},"author":2,"featured_media":168774,"comment_status":"","ping_status":"","sticky":false,"template":"","format":"standard","meta":{"footnotes":""},"categories":[145],"tags":[211,210,35427,114,115,8204,15987,1828,32,33],"class_list":{"0":"post-168773","1":"post","2":"type-post","3":"status-publish","4":"format-standard","5":"has-post-thumbnail","7":"category-celebridades","8":"tag-celebridades","9":"tag-celebrities","10":"tag-debora-maia","11":"tag-entertainment","12":"tag-entretenimento","13":"tag-mae","14":"tag-mel-maia","15":"tag-morre","16":"tag-portugal","17":"tag-pt"},"share_on_mastodon":{"url":"https:\/\/pubeurope.com\/@pt\/115629663370585719","error":""},"_links":{"self":[{"href":"https:\/\/www.europesays.com\/pt\/wp-json\/wp\/v2\/posts\/168773","targetHints":{"allow":["GET"]}}],"collection":[{"href":"https:\/\/www.europesays.com\/pt\/wp-json\/wp\/v2\/posts"}],"about":[{"href":"https:\/\/www.europesays.com\/pt\/wp-json\/wp\/v2\/types\/post"}],"author":[{"embeddable":true,"href":"https:\/\/www.europesays.com\/pt\/wp-json\/wp\/v2\/users\/2"}],"replies":[{"embeddable":true,"href":"https:\/\/www.europesays.com\/pt\/wp-json\/wp\/v2\/comments?post=168773"}],"version-history":[{"count":0,"href":"https:\/\/www.europesays.com\/pt\/wp-json\/wp\/v2\/posts\/168773\/revisions"}],"wp:featuredmedia":[{"embeddable":true,"href":"https:\/\/www.europesays.com\/pt\/wp-json\/wp\/v2\/media\/168774"}],"wp:attachment":[{"href":"https:\/\/www.europesays.com\/pt\/wp-json\/wp\/v2\/media?parent=168773"}],"wp:term":[{"taxonomy":"category","embeddable":true,"href":"https:\/\/www.europesays.com\/pt\/wp-json\/wp\/v2\/categories?post=168773"},{"taxonomy":"post_tag","embeddable":true,"href":"https:\/\/www.europesays.com\/pt\/wp-json\/wp\/v2\/tags?post=168773"}],"curies":[{"name":"wp","href":"https:\/\/api.w.org\/{rel}","templated":true}]}}