{"id":168781,"date":"2025-11-28T22:33:08","date_gmt":"2025-11-28T22:33:08","guid":{"rendered":"https:\/\/www.europesays.com\/pt\/168781\/"},"modified":"2025-11-28T22:33:08","modified_gmt":"2025-11-28T22:33:08","slug":"londres-aponta-dificuldades-da-russia-perante-drones-ucranianos","status":"publish","type":"post","link":"https:\/\/www.europesays.com\/pt\/168781\/","title":{"rendered":"Londres aponta dificuldades da R\u00fassia perante drones ucranianos"},"content":{"rendered":"<p>Num comunicado divulgado pelo Minist\u00e9rio da Defesa brit\u00e2nico, Londres destacou a &#8220;crescente capacidade&#8221; da Ucr\u00e2nia para lan\u00e7ar opera\u00e7\u00f5es combinadas com drones e m\u00edsseis, atingindo alvos militares em zonas ocupadas.<\/p>\n<p>As autoridades brit\u00e2nicas recordaram um ataque ucraniano, em 05 de novembro, contra uma base russa perto do aeroporto de Donetsk, utilizada para armazenamento, fabrico e lan\u00e7amento de &#8216;drones&#8217; contra territ\u00f3rio ucraniano.<\/p>\n<p>Segundo Londres, um edif\u00edcio alegadamente usado para guardar ogivas foi destru\u00eddo, enquanto outros dois sofreram danos significativos e um quarto registou danos no telhado.<\/p>\n<p>O relat\u00f3rio menciona ainda danos nas infraestruturas de lan\u00e7amento de drones, num dep\u00f3sito de combust\u00edvel e num armaz\u00e9m de armas, indicando que cerca de 1.000 drones Geran-2 (modelo muito usado pela R\u00fassia) estariam armazenados no local.<\/p>\n<p>De acordo com os servi\u00e7os de informa\u00e7\u00e3o brit\u00e2nicos, Moscovo ter\u00e1 come\u00e7ado no ver\u00e3o a construir novas instala\u00e7\u00f5es e plataformas de lan\u00e7amento de drones em redor do aeroporto, para refor\u00e7ar opera\u00e7\u00f5es contra alvos ucranianos.<\/p>\n<p>Londres sublinha que estes ataques demonstram as dificuldades russas em proteger infraestruturas militares situadas dentro do alcance dos drones ucranianos, sobretudo perto da linha da frente.<\/p>\n<p>As mesmas fontes acrescentaram que a Ucr\u00e2nia mant\u00e9m capacidade para executar ataques a\u00e9reos &#8220;eficazes e combinados&#8221;, mesmo enquanto as for\u00e7as russas continuam a avan\u00e7ar em v\u00e1rias zonas do leste do pa\u00eds.<\/p>\n<p>Leia Tamb\u00e9m: <a href=\"https:\/\/www.noticiasaominuto.com\/mundo\/2896408\/chefe-de-gabinete-de-zelensky-demite-se-apos-buscas-por-corrupcao\" target=\"_blank\" rel=\"noopener noreferrer nofollow\">Chefe de gabinete de Zelensky demite-se ap\u00f3s buscas por corrup\u00e7\u00e3o<\/a><\/p>\n","protected":false},"excerpt":{"rendered":"Num comunicado divulgado pelo Minist\u00e9rio da Defesa brit\u00e2nico, Londres destacou a &#8220;crescente capacidade&#8221; da Ucr\u00e2nia para lan\u00e7ar opera\u00e7\u00f5es&hellip;\n","protected":false},"author":2,"featured_media":168782,"comment_status":"","ping_status":"","sticky":false,"template":"","format":"standard","meta":{"footnotes":""},"categories":[50],"tags":[27,28,15,16,14,25,26,21,22,62,12,13,19,20,23,24,17,18,29,30,31,63,64,65],"class_list":{"0":"post-168781","1":"post","2":"type-post","3":"status-publish","4":"format-standard","5":"has-post-thumbnail","7":"category-mundo","8":"tag-breaking-news","9":"tag-breakingnews","10":"tag-featured-news","11":"tag-featurednews","12":"tag-headlines","13":"tag-latest-news","14":"tag-latestnews","15":"tag-main-news","16":"tag-mainnews","17":"tag-mundo","18":"tag-news","19":"tag-noticias","20":"tag-noticias-principais","21":"tag-noticiasprincipais","22":"tag-principais-noticias","23":"tag-principaisnoticias","24":"tag-top-stories","25":"tag-topstories","26":"tag-ultimas","27":"tag-ultimas-noticias","28":"tag-ultimasnoticias","29":"tag-world","30":"tag-world-news","31":"tag-worldnews"},"share_on_mastodon":{"url":"https:\/\/pubeurope.com\/@pt\/115629706781770288","error":""},"_links":{"self":[{"href":"https:\/\/www.europesays.com\/pt\/wp-json\/wp\/v2\/posts\/168781","targetHints":{"allow":["GET"]}}],"collection":[{"href":"https:\/\/www.europesays.com\/pt\/wp-json\/wp\/v2\/posts"}],"about":[{"href":"https:\/\/www.europesays.com\/pt\/wp-json\/wp\/v2\/types\/post"}],"author":[{"embeddable":true,"href":"https:\/\/www.europesays.com\/pt\/wp-json\/wp\/v2\/users\/2"}],"replies":[{"embeddable":true,"href":"https:\/\/www.europesays.com\/pt\/wp-json\/wp\/v2\/comments?post=168781"}],"version-history":[{"count":0,"href":"https:\/\/www.europesays.com\/pt\/wp-json\/wp\/v2\/posts\/168781\/revisions"}],"wp:featuredmedia":[{"embeddable":true,"href":"https:\/\/www.europesays.com\/pt\/wp-json\/wp\/v2\/media\/168782"}],"wp:attachment":[{"href":"https:\/\/www.europesays.com\/pt\/wp-json\/wp\/v2\/media?parent=168781"}],"wp:term":[{"taxonomy":"category","embeddable":true,"href":"https:\/\/www.europesays.com\/pt\/wp-json\/wp\/v2\/categories?post=168781"},{"taxonomy":"post_tag","embeddable":true,"href":"https:\/\/www.europesays.com\/pt\/wp-json\/wp\/v2\/tags?post=168781"}],"curies":[{"name":"wp","href":"https:\/\/api.w.org\/{rel}","templated":true}]}}