{"id":168785,"date":"2025-11-28T22:35:09","date_gmt":"2025-11-28T22:35:09","guid":{"rendered":"https:\/\/www.europesays.com\/pt\/168785\/"},"modified":"2025-11-28T22:35:09","modified_gmt":"2025-11-28T22:35:09","slug":"policias-rompem-negociacoes-com-governo-e-ameacam-levar-insatisfacao-para-a-rua","status":"publish","type":"post","link":"https:\/\/www.europesays.com\/pt\/168785\/","title":{"rendered":"Pol\u00edcias rompem negocia\u00e7\u00f5es com Governo e amea\u00e7am levar insatisfa\u00e7\u00e3o para a rua"},"content":{"rendered":"<p>                A Associa\u00e7\u00e3o Sindical dos Profissionais da Pol\u00edcia (ASPP) decidiu romper as negocia\u00e7\u00f5es com o Governo. O maior sindicato da PSP esteve reunido esta tarde com a ministra da Administra\u00e7\u00e3o Interna para discutir a revis\u00e3o da tabela salarial.<\/p>\n<p>A ASPP considera que a proposta do executivo de Lu\u00eds Montenegro \u00e9 manifestamente insuficiente e decidiu por isso abandonar a mesa negocial.<\/p>\n<p>A associa\u00e7\u00e3o promete agora avan\u00e7ar com protestos nas ruas caso o Governo n\u00e3o recue na proposta.&#13;\n<\/p>\n<p>&#8220;A ASPP abandona as negocia\u00e7\u00f5es porque a proposta apresentada n\u00e3o vai ao encontro daquilo que esperar\u00edamos em rela\u00e7\u00e3o \u00e0s tabelas remunerat\u00f3rias, suplementos e portaria de avalia\u00e7\u00e3o&#8221;, disse \u00e0 Lusa o presidente da ASPP, Paulo Santos, no final da reuni\u00e3o com a ministra da Administra\u00e7\u00e3o Interna.<\/p>\n<p>O presidente do maior sindicato da PSP acusou o Governo de n\u00e3o estar &#8220;a cumprir integramente o acordo assinado&#8221; em julho de 2024 e avan\u00e7ou que na pr\u00f3xima semana a ASPP vai reunir a dire\u00e7\u00e3o do sindicato para decidir a\u00e7\u00f5es de protesto.<\/p>\n<p>c\/ Lusa<\/p>\n","protected":false},"excerpt":{"rendered":"A Associa\u00e7\u00e3o Sindical dos Profissionais da Pol\u00edcia (ASPP) decidiu romper as negocia\u00e7\u00f5es com o Governo. O maior sindicato&hellip;\n","protected":false},"author":2,"featured_media":168786,"comment_status":"","ping_status":"","sticky":false,"template":"","format":"standard","meta":{"footnotes":""},"categories":[8],"tags":[27,28,15,16,14,25,26,21,22,12,13,19,20,32,23,24,33,420,421,17,18,29,30,31],"class_list":{"0":"post-168785","1":"post","2":"type-post","3":"status-publish","4":"format-standard","5":"has-post-thumbnail","7":"category-principais-noticias","8":"tag-breaking-news","9":"tag-breakingnews","10":"tag-featured-news","11":"tag-featurednews","12":"tag-headlines","13":"tag-latest-news","14":"tag-latestnews","15":"tag-main-news","16":"tag-mainnews","17":"tag-news","18":"tag-noticias","19":"tag-noticias-principais","20":"tag-noticiasprincipais","21":"tag-portugal","22":"tag-principais-noticias","23":"tag-principaisnoticias","24":"tag-pt","25":"tag-rtp","26":"tag-rtp-noticias","27":"tag-top-stories","28":"tag-topstories","29":"tag-ultimas","30":"tag-ultimas-noticias","31":"tag-ultimasnoticias"},"share_on_mastodon":{"url":"https:\/\/pubeurope.com\/@pt\/115629714820314208","error":""},"_links":{"self":[{"href":"https:\/\/www.europesays.com\/pt\/wp-json\/wp\/v2\/posts\/168785","targetHints":{"allow":["GET"]}}],"collection":[{"href":"https:\/\/www.europesays.com\/pt\/wp-json\/wp\/v2\/posts"}],"about":[{"href":"https:\/\/www.europesays.com\/pt\/wp-json\/wp\/v2\/types\/post"}],"author":[{"embeddable":true,"href":"https:\/\/www.europesays.com\/pt\/wp-json\/wp\/v2\/users\/2"}],"replies":[{"embeddable":true,"href":"https:\/\/www.europesays.com\/pt\/wp-json\/wp\/v2\/comments?post=168785"}],"version-history":[{"count":0,"href":"https:\/\/www.europesays.com\/pt\/wp-json\/wp\/v2\/posts\/168785\/revisions"}],"wp:featuredmedia":[{"embeddable":true,"href":"https:\/\/www.europesays.com\/pt\/wp-json\/wp\/v2\/media\/168786"}],"wp:attachment":[{"href":"https:\/\/www.europesays.com\/pt\/wp-json\/wp\/v2\/media?parent=168785"}],"wp:term":[{"taxonomy":"category","embeddable":true,"href":"https:\/\/www.europesays.com\/pt\/wp-json\/wp\/v2\/categories?post=168785"},{"taxonomy":"post_tag","embeddable":true,"href":"https:\/\/www.europesays.com\/pt\/wp-json\/wp\/v2\/tags?post=168785"}],"curies":[{"name":"wp","href":"https:\/\/api.w.org\/{rel}","templated":true}]}}