{"id":168789,"date":"2025-11-28T22:39:12","date_gmt":"2025-11-28T22:39:12","guid":{"rendered":"https:\/\/www.europesays.com\/pt\/168789\/"},"modified":"2025-11-28T22:39:12","modified_gmt":"2025-11-28T22:39:12","slug":"cristiana-jesus-fala-pela-primeira-vez-em-televisao-sobre-a-separacao-de-claudio-alegre-secret-story","status":"publish","type":"post","link":"https:\/\/www.europesays.com\/pt\/168789\/","title":{"rendered":"Cristiana Jesus fala pela primeira vez em televis\u00e3o sobre a separa\u00e7\u00e3o de Cl\u00e1udio Alegre &#8211; Secret Story"},"content":{"rendered":"<p><a href=\"https:\/\/tvi.iol.pt\/secretstory\/claudio-alegre\/cristiana-jesus\/agora-e-de-vez-claudio-alegre-e-cristina-jesus-confirmam-separacao-oficial\" rel=\"nofollow noopener\" target=\"_blank\">Cristiana Jesus anunciou recentemente a separa\u00e7\u00e3o de Cl\u00e1udio Alegre<\/a> e esta sexta-feira esteve presente no programa &#8216;Dois \u00e0s 10&#8217; da TVI, onde falou pela primeira vez em televis\u00e3o sobre o assunto.\u00a0<\/p>\n<p>O objetivo da ida da ex-concorrente do Secret Story ao programa, era comentar os \u00faltimos acontecimentos da atual edi\u00e7\u00e3o do reality-show, mas Cl\u00e1udio Ramos aproveitou a oportunidade para a confrontar sobre o fim da sua rela\u00e7\u00e3o de 10 anos.\u00a0<\/p>\n<p>Ainda assim, Cristiana Jesus n\u00e3o deu grandes detalhes para al\u00e9m do que j\u00e1 anunciou e tentou at\u00e9 fugir \u00e0s perguntas: \u00abO que est\u00e1 partilhado, est\u00e1 partilhado. Eu estou bem, \u00e9 o que interessa. Est\u00e1 tudo tranquilo\u00bb, disse confirmando que continua a trabalhar com Cl\u00e1udio Alegre.\u00a0<\/p>\n<p>O apresentador insistiu e quis saber se j\u00e1 tinham tentado reconciliar-se uma vez no passado, mas a ex-concorrente n\u00e3o quis responder: \u00abIsso era uma novela que dava para fazer outro programa. Eu acho que nos dev\u00edamos focar na Casa dos Segredos, na outra novela\u00bb, afirmou.\u00a0<\/p>\n<p><strong>Recorde o comunicado da separa\u00e7\u00e3o:\u00a0<\/strong><\/p>\n<p><a href=\"https:\/\/tvi.iol.pt\/secretstory\/cristiana-jesus\/claudio-alegre\/inesperado-claudio-alegre-e-cristiana-jesus-juntos-em-novo-passo\" rel=\"nofollow noopener\" target=\"_blank\">Cl\u00e1udio Alegre e Cristiana Jesus confirmaram <\/a>a separa\u00e7\u00e3o oficial, ap\u00f3s v\u00e1rias tentativas de reconcilia\u00e7\u00e3o. A confirma\u00e7\u00e3o foi feita atrav\u00e9s de um comunicado conjunto partilhado nas redes sociais.\u00a0<\/p>\n<p>\u00abQueremos partilhar convosco com toda a transpar\u00eancia e respeito que n\u00f3s, enquanto casal, j\u00e1 n\u00e3o estamos juntos. Esta foi uma decis\u00e3o ponderada, tomada com muita maturidade e serenidade. Apesar disso, continuaremos sempre unidos pelo que temos de mais importante na vida: o nosso filho\u00bb, come\u00e7aram por referir.\u00a0<\/p>\n<p>Na mesma nota, o casal acrescentou: \u00abEle ser\u00e1 sempre o nosso maior elo, o nosso maior projeto e por isso continuar\u00e3o a ver-nos juntos muitas vezes. Temos responsabilidades, sonhos e planos em comum que jamais deixar\u00e3o de existir. Al\u00e9m de tudo, somos e continuamos a ser fam\u00edlia. Essa parte n\u00e3o muda, n\u00e3o desaparece, n\u00e3o se perde\u00bb.\u00a0<\/p>\n<p><img loading=\"lazy\" decoding=\"async\" alt=\"\" height=\"889\" src=\"https:\/\/www.europesays.com\/pt\/wp-content\/uploads\/2025\/11\/69259006d34e2bd5c6d461ac.webp\" width=\"500\"\/><\/p>\n<p>\u00abOs nossos projetos profissionais tamb\u00e9m ir\u00e3o manter-se exatamente como at\u00e9 aqui. Foram constru\u00eddos com muito trabalho, dedica\u00e7\u00e3o e entrega e por isso continuam firmes com todo o profissionalismo e respeito que sempre tivemos um pelo outro e pelo que cri\u00e1mos lado a lado\u00bb, informam ainda.<\/p>\n<p><a href=\"https:\/\/tvi.iol.pt\/secretstory\/fotos\/o-amor-de-claudio-alegre-e-cristiana-jesus-e-o-filho-que-esta-a-conquistar-coracoes-nao-perca-os-momentos-mais-ternurentos-da-familia\/67ab398bd34e3f0bae9a4c54\" rel=\"nofollow noopener\" target=\"_blank\">Cl\u00e1udio e Cristiana remataram <\/a>com um agradecimento: \u00abAgradecemos a compreens\u00e3o, o carinho e o respeito de todos. Seguimos em frente, com gratid\u00e3o e com o compromisso de continuar a fazer o melhor como pais, como profissionais e como equipa naquilo que a vida nos pede para construir em conjunto\u00bb.<\/p>\n<p>\u00a0<\/p>\n<p>\u00a0<\/p>\n","protected":false},"excerpt":{"rendered":"Cristiana Jesus anunciou recentemente a separa\u00e7\u00e3o de Cl\u00e1udio Alegre e esta sexta-feira esteve presente no programa &#8216;Dois \u00e0s&hellip;\n","protected":false},"author":2,"featured_media":168790,"comment_status":"","ping_status":"","sticky":false,"template":"","format":"standard","meta":{"footnotes":""},"categories":[142],"tags":[18706,2682,8660,114,115,18705,32,33,151,18704],"class_list":{"0":"post-168789","1":"post","2":"type-post","3":"status-publish","4":"format-standard","5":"has-post-thumbnail","7":"category-tv","8":"tag-bastidores-secret-story","9":"tag-claudio-alegre","10":"tag-cristiana-jesus","11":"tag-entertainment","12":"tag-entretenimento","13":"tag-entrevistas-concorrentes-tvi","14":"tag-portugal","15":"tag-pt","16":"tag-tv","17":"tag-vida-fora-da-casa"},"share_on_mastodon":{"url":"https:\/\/pubeurope.com\/@pt\/115629730435177392","error":""},"_links":{"self":[{"href":"https:\/\/www.europesays.com\/pt\/wp-json\/wp\/v2\/posts\/168789","targetHints":{"allow":["GET"]}}],"collection":[{"href":"https:\/\/www.europesays.com\/pt\/wp-json\/wp\/v2\/posts"}],"about":[{"href":"https:\/\/www.europesays.com\/pt\/wp-json\/wp\/v2\/types\/post"}],"author":[{"embeddable":true,"href":"https:\/\/www.europesays.com\/pt\/wp-json\/wp\/v2\/users\/2"}],"replies":[{"embeddable":true,"href":"https:\/\/www.europesays.com\/pt\/wp-json\/wp\/v2\/comments?post=168789"}],"version-history":[{"count":0,"href":"https:\/\/www.europesays.com\/pt\/wp-json\/wp\/v2\/posts\/168789\/revisions"}],"wp:featuredmedia":[{"embeddable":true,"href":"https:\/\/www.europesays.com\/pt\/wp-json\/wp\/v2\/media\/168790"}],"wp:attachment":[{"href":"https:\/\/www.europesays.com\/pt\/wp-json\/wp\/v2\/media?parent=168789"}],"wp:term":[{"taxonomy":"category","embeddable":true,"href":"https:\/\/www.europesays.com\/pt\/wp-json\/wp\/v2\/categories?post=168789"},{"taxonomy":"post_tag","embeddable":true,"href":"https:\/\/www.europesays.com\/pt\/wp-json\/wp\/v2\/tags?post=168789"}],"curies":[{"name":"wp","href":"https:\/\/api.w.org\/{rel}","templated":true}]}}