{"id":168791,"date":"2025-11-28T22:42:07","date_gmt":"2025-11-28T22:42:07","guid":{"rendered":"https:\/\/www.europesays.com\/pt\/168791\/"},"modified":"2025-11-28T22:42:07","modified_gmt":"2025-11-28T22:42:07","slug":"fc-porto-prepara-rececao-ao-estoril-praia-com-uma-ausencia-de-peso-zerozero-pt","status":"publish","type":"post","link":"https:\/\/www.europesays.com\/pt\/168791\/","title":{"rendered":"FC Porto prepara rece\u00e7\u00e3o ao Estoril Praia com uma aus\u00eancia de peso &#8211; zerozero.pt"},"content":{"rendered":"<ol>\n<li><a href=\"https:\/\/news.google.com\/rss\/articles\/CBMiqgFBVV95cUxNTU9UUjl3ZWpubVkwMmJwTjJTNldwaU1xN3ZHTXNja2ItX2ZVQ0tHMFI0S2RRQldtYWZFYjJfOWZaV1VQbXV5d0Y4WnBvSXE1VE1OVXBvdkVnNlozV0t0czkyUnQxWVRxM3g1NVVuRGsxT1p0b2lWbnZyaWpoS1BtNEIwenRVVUhzQXJmUlNmQWZnZnM4TGNmYnlIS3J3WWw0ak40SWtwLWVDUQ?oc=5\" target=\"_blank\" rel=\"nofollow noopener\">FC Porto prepara rece\u00e7\u00e3o ao Estoril Praia com uma aus\u00eancia de peso<\/a>&nbsp;&nbsp;zerozero.pt<\/li>\n<li><a href=\"https:\/\/news.google.com\/rss\/articles\/CBMiqwFBVV95cUxPMnhJM05FcGp0MjZteHRNSk93Mm14eEF0Ty1UT29xNTZsanFNbmh4WXEyNUQ4Y2M1aF9LekhMOGVfYUl4Ti1mbG1CblExdHpQbFVic0JOUG9WVlZHWlNLbG5YM1VuNVlYQmRqd3A1SWVFenNPdC1JQ1k3b01vTkZXWjNxTUFxd0doM3c2RG9lczlvZDhvZ2E0b3RaMnlSWTMtaXMwUUlybFNPaWc?oc=5\" target=\"_blank\" rel=\"nofollow noopener\">M\u00e9dio portista Alan Varela com &#8220;traumatismo no joelho esquerdo&#8221;<\/a>&nbsp;&nbsp;RTP<\/li>\n<li><a href=\"https:\/\/news.google.com\/rss\/articles\/CBMirAFBVV95cUxNVTJGSGdfQXpsOGF3blBqelVnMVI1ZVhhY25nRWd3UEVvTEMyU1MtZDhXYUMzaU0tUElLcGpNbG1yN1hZTkozS19OMGJBdDhCZkt0NGs0aDRfX3IwNjY4ZkdrajhkNkpOd3Q2emN0ZGhGYThGY0ozc2xvWUJwTTNpS3FoMGtWTkQyS2k4WGdZNGkzc09KOHdTOWpaQ1hsTWFKbUg2QkpmT003MFFC?oc=5\" target=\"_blank\" rel=\"nofollow noopener\">FC Porto: Alan Varela em tratamento no arranque da \u00abopera\u00e7\u00e3o Estoril\u00bb<\/a>&nbsp;&nbsp;Maisfutebol<\/li>\n<li><a href=\"https:\/\/news.google.com\/rss\/articles\/CBMihgFBVV95cUxQVG43V3AzdElGQ1Y4WEZvY3NjekJzSnQ0cmYwRGlwdFZacHR3UGFndy1WRk1Qa0dZZS11ek5CX0IybWlacmY5OWxxSzNwS1NWbzMySVlIQVFiUGY3a3N5UWJnQURjNkF3d1dYS1NzSl9kR2FRS1RucTFsbWdReTRJbXN3U09KZw?oc=5\" target=\"_blank\" rel=\"nofollow noopener\">Conversa Sobre Rodas \u2013 26-11-2025<\/a>&nbsp;&nbsp;SAPO<\/li>\n<li><a href=\"https:\/\/news.google.com\/rss\/articles\/CBMingFBVV95cUxORjJ3MnNjakkyTjEtNGRLSGlLRGlpa2ZHNzhIYXQwd0RqaWMyUDg3V0ZzeUVLck9UejRsM1JrNFFkLXhDQnVSNVByUVRYbDgtbk5aNDJMZmY1Q3dHSDhaVS1xYkozTmJCSldPcnhBb01XMGpjQVNoenYzb3V2SllpTVBQQS1MZUZIRElwNWR1VWdHUzFGcGpadTJkZm9uUQ?oc=5\" target=\"_blank\" rel=\"nofollow noopener\">Not\u00edcias &#8211; De volta ao CTFD Jorge Costa com o foco no Estoril<\/a>&nbsp;&nbsp;FC Porto<\/li>\n<\/ol>\n","protected":false},"excerpt":{"rendered":"FC Porto prepara rece\u00e7\u00e3o ao Estoril Praia com uma aus\u00eancia de peso&nbsp;&nbsp;zerozero.pt M\u00e9dio portista Alan Varela com &#8220;traumatismo&hellip;\n","protected":false},"author":2,"featured_media":168792,"comment_status":"","ping_status":"","sticky":false,"template":"","format":"standard","meta":{"footnotes":""},"categories":[87],"tags":[3056,2685,135,16996,870,2698,526,31454,524,1003,6027,13,32,33,527,31535,525,134,31536,2697,523],"class_list":{"0":"post-168791","1":"post","2":"type-post","3":"status-publish","4":"format-standard","5":"has-post-thumbnail","7":"category-desporto","8":"tag-ao-vivo","9":"tag-bola","10":"tag-desporto","11":"tag-europeu","12":"tag-eventos","13":"tag-fifa","14":"tag-football","15":"tag-forum","16":"tag-futebol","17":"tag-liga-dos-campeoes","18":"tag-mundial","19":"tag-noticias","20":"tag-portugal","21":"tag-pt","22":"tag-resultados","23":"tag-resultados-em-directo","24":"tag-soccer","25":"tag-sports","26":"tag-torneios","27":"tag-uefa","28":"tag-zerozero"},"share_on_mastodon":{"url":"https:\/\/pubeurope.com\/@pt\/115629742050254347","error":""},"_links":{"self":[{"href":"https:\/\/www.europesays.com\/pt\/wp-json\/wp\/v2\/posts\/168791","targetHints":{"allow":["GET"]}}],"collection":[{"href":"https:\/\/www.europesays.com\/pt\/wp-json\/wp\/v2\/posts"}],"about":[{"href":"https:\/\/www.europesays.com\/pt\/wp-json\/wp\/v2\/types\/post"}],"author":[{"embeddable":true,"href":"https:\/\/www.europesays.com\/pt\/wp-json\/wp\/v2\/users\/2"}],"replies":[{"embeddable":true,"href":"https:\/\/www.europesays.com\/pt\/wp-json\/wp\/v2\/comments?post=168791"}],"version-history":[{"count":0,"href":"https:\/\/www.europesays.com\/pt\/wp-json\/wp\/v2\/posts\/168791\/revisions"}],"wp:featuredmedia":[{"embeddable":true,"href":"https:\/\/www.europesays.com\/pt\/wp-json\/wp\/v2\/media\/168792"}],"wp:attachment":[{"href":"https:\/\/www.europesays.com\/pt\/wp-json\/wp\/v2\/media?parent=168791"}],"wp:term":[{"taxonomy":"category","embeddable":true,"href":"https:\/\/www.europesays.com\/pt\/wp-json\/wp\/v2\/categories?post=168791"},{"taxonomy":"post_tag","embeddable":true,"href":"https:\/\/www.europesays.com\/pt\/wp-json\/wp\/v2\/tags?post=168791"}],"curies":[{"name":"wp","href":"https:\/\/api.w.org\/{rel}","templated":true}]}}