{"id":168799,"date":"2025-11-28T22:50:18","date_gmt":"2025-11-28T22:50:18","guid":{"rendered":"https:\/\/www.europesays.com\/pt\/168799\/"},"modified":"2025-11-28T22:50:18","modified_gmt":"2025-11-28T22:50:18","slug":"turista-cai-de-navio-de-cruzeiro-que-navegava-da-madeira-para-as-canarias","status":"publish","type":"post","link":"https:\/\/www.europesays.com\/pt\/168799\/","title":{"rendered":"Turista cai de navio de cruzeiro que navegava da Madeira para as Can\u00e1rias"},"content":{"rendered":"<p data-remotead-prev-elm=\"true\" data-remotead-elm-id=\"inread\">O alerta foi dado na quinta-feira \u00e0s 9.48 horas locais, altura em que o navio Marella Explorer 2 estava a 16,5 milhas n\u00e1uticas (30,5 quil\u00f3metros) a noroeste de Punta de Teno, Tenerife. Segundo a Marella Cruises, operada pela Tui UK, o passageiro caiu ao mar enquanto a embarca\u00e7\u00e3o se dirigia para La Gomera, a segunda menor das principais ilhas do arquip\u00e9lago espanhol, ao largo da costa noroeste da \u00c1frica.<\/p>\n<p>&#8220;Lamentamos profundamente confirmar que um passageiro foi visto a cair na \u00e1gua enquanto o navio estava a caminho de La Gomera. Os nossos pensamentos est\u00e3o com a pessoa e os seus entes queridos neste momento dif\u00edcil. A nossa dedicada equipa de atendimento est\u00e1 a apoiar a fam\u00edlia, oferecendo assist\u00eancia e conforto. Estamos a trabalhar em estreita colabora\u00e7\u00e3o com as autoridades locais e continuaremos a oferecer todo o suporte poss\u00edvel&#8221;, l\u00ea-se num comunicado da empresa.<\/p>\n<p>O Marella Explorer 2, registado em Malta e com capacidade para at\u00e9 1814 passageiros distribu\u00eddos em 14 conv\u00e9s e 907 cabines, ter\u00e1 partido de Tenerife em 21 de novembro para uma viagem de sete dias pelas Ilhas Can\u00e1rias e outras ilhas pr\u00f3ximas. Segundo a imprensa local, o acidente aconteceu enquanto a embarca\u00e7\u00e3o regressava da Madeira para as Can\u00e1rias.<\/p>\n<p>Embarca\u00e7\u00f5es de resgate, dois helic\u00f3pteros e uma aeronave especializada em busca e salvamento foram mobilizados para a \u00e1rea.<\/p>\n","protected":false},"excerpt":{"rendered":"O alerta foi dado na quinta-feira \u00e0s 9.48 horas locais, altura em que o navio Marella Explorer 2&hellip;\n","protected":false},"author":2,"featured_media":168800,"comment_status":"","ping_status":"","sticky":false,"template":"","format":"standard","meta":{"footnotes":""},"categories":[8],"tags":[27,28,6034,15,16,14,25,26,21,22,62,12,13,19,20,32,23,24,33,31886,17,18,29,30,31],"class_list":{"0":"post-168799","1":"post","2":"type-post","3":"status-publish","4":"format-standard","5":"has-post-thumbnail","7":"category-principais-noticias","8":"tag-breaking-news","9":"tag-breakingnews","10":"tag-cruzeiro","11":"tag-featured-news","12":"tag-featurednews","13":"tag-headlines","14":"tag-latest-news","15":"tag-latestnews","16":"tag-main-news","17":"tag-mainnews","18":"tag-mundo","19":"tag-news","20":"tag-noticias","21":"tag-noticias-principais","22":"tag-noticiasprincipais","23":"tag-portugal","24":"tag-principais-noticias","25":"tag-principaisnoticias","26":"tag-pt","27":"tag-tenerife","28":"tag-top-stories","29":"tag-topstories","30":"tag-ultimas","31":"tag-ultimas-noticias","32":"tag-ultimasnoticias"},"share_on_mastodon":{"url":"https:\/\/pubeurope.com\/@pt\/115629773646441244","error":""},"_links":{"self":[{"href":"https:\/\/www.europesays.com\/pt\/wp-json\/wp\/v2\/posts\/168799","targetHints":{"allow":["GET"]}}],"collection":[{"href":"https:\/\/www.europesays.com\/pt\/wp-json\/wp\/v2\/posts"}],"about":[{"href":"https:\/\/www.europesays.com\/pt\/wp-json\/wp\/v2\/types\/post"}],"author":[{"embeddable":true,"href":"https:\/\/www.europesays.com\/pt\/wp-json\/wp\/v2\/users\/2"}],"replies":[{"embeddable":true,"href":"https:\/\/www.europesays.com\/pt\/wp-json\/wp\/v2\/comments?post=168799"}],"version-history":[{"count":0,"href":"https:\/\/www.europesays.com\/pt\/wp-json\/wp\/v2\/posts\/168799\/revisions"}],"wp:featuredmedia":[{"embeddable":true,"href":"https:\/\/www.europesays.com\/pt\/wp-json\/wp\/v2\/media\/168800"}],"wp:attachment":[{"href":"https:\/\/www.europesays.com\/pt\/wp-json\/wp\/v2\/media?parent=168799"}],"wp:term":[{"taxonomy":"category","embeddable":true,"href":"https:\/\/www.europesays.com\/pt\/wp-json\/wp\/v2\/categories?post=168799"},{"taxonomy":"post_tag","embeddable":true,"href":"https:\/\/www.europesays.com\/pt\/wp-json\/wp\/v2\/tags?post=168799"}],"curies":[{"name":"wp","href":"https:\/\/api.w.org\/{rel}","templated":true}]}}