{"id":168811,"date":"2025-11-28T23:10:22","date_gmt":"2025-11-28T23:10:22","guid":{"rendered":"https:\/\/www.europesays.com\/pt\/168811\/"},"modified":"2025-11-28T23:10:22","modified_gmt":"2025-11-28T23:10:22","slug":"dermatologista-do-hospital-de-santa-maria-apresenta-demissao-observador","status":"publish","type":"post","link":"https:\/\/www.europesays.com\/pt\/168811\/","title":{"rendered":"Dermatologista do Hospital de Santa Maria apresenta demiss\u00e3o \u2013 Observador"},"content":{"rendered":"<p>O m\u00e9dico dermatologista Miguel Alpalh\u00e3o apresentou esta sexta-feira a sua demiss\u00e3o do Hospital de Santa Maria (Lisboa), alegando que n\u00e3o lhe restava outra atitude perante o tratamento \u201chumilhante, degradante e persecut\u00f3rio\u201d que foi alvo por parte da administra\u00e7\u00e3o.<\/p>\n<p>\u201cLamentavelmente, n\u00e3o me resta outra atitude que n\u00e3o a demiss\u00e3o das minhas fun\u00e7\u00f5es, perante a forma de tratamento com intuito humilhante, degradante, discriminat\u00f3rio e persecut\u00f3rio de que fui alvo ao longo do \u00faltimo ano por parte da administra\u00e7\u00e3o do hospital\u201d, escreve o m\u00e9dico na carta a que a Lusa teve acesso.<\/p>\n<p>Nessa carta, Miguel Alpalh\u00e3o, que recebeu mais de 700 mil euros em tr\u00eas anos de cirurgias adicionais no Hospital de Santa Maria, refere que a den\u00fancia do seu contrato, assinado em 1 de janeiro de 2024, ter\u00e1 efeitos a 12 de janeiro de 2026, no dia seguinte ao final da suspens\u00e3o que lhe foi aplicada.<\/p>\n","protected":false},"excerpt":{"rendered":"O m\u00e9dico dermatologista Miguel Alpalh\u00e3o apresentou esta sexta-feira a sua demiss\u00e3o do Hospital de Santa Maria (Lisboa), alegando&hellip;\n","protected":false},"author":2,"featured_media":168812,"comment_status":"","ping_status":"","sticky":false,"template":"","format":"standard","meta":{"footnotes":""},"categories":[8],"tags":[27,28,442,15,16,14,2648,5792,25,26,21,22,1208,12,13,19,20,32,23,24,33,2946,17,18,29,30,31],"class_list":{"0":"post-168811","1":"post","2":"type-post","3":"status-publish","4":"format-standard","5":"has-post-thumbnail","7":"category-principais-noticias","8":"tag-breaking-news","9":"tag-breakingnews","10":"tag-ciu00eancia","11":"tag-featured-news","12":"tag-featurednews","13":"tag-headlines","14":"tag-hospitais","15":"tag-hospital-de-santa-maria","16":"tag-latest-news","17":"tag-latestnews","18":"tag-main-news","19":"tag-mainnews","20":"tag-medicina","21":"tag-news","22":"tag-noticias","23":"tag-noticias-principais","24":"tag-noticiasprincipais","25":"tag-portugal","26":"tag-principais-noticias","27":"tag-principaisnoticias","28":"tag-pt","29":"tag-sau00fade","30":"tag-top-stories","31":"tag-topstories","32":"tag-ultimas","33":"tag-ultimas-noticias","34":"tag-ultimasnoticias"},"share_on_mastodon":{"url":"https:\/\/pubeurope.com\/@pt\/115629852306765579","error":""},"_links":{"self":[{"href":"https:\/\/www.europesays.com\/pt\/wp-json\/wp\/v2\/posts\/168811","targetHints":{"allow":["GET"]}}],"collection":[{"href":"https:\/\/www.europesays.com\/pt\/wp-json\/wp\/v2\/posts"}],"about":[{"href":"https:\/\/www.europesays.com\/pt\/wp-json\/wp\/v2\/types\/post"}],"author":[{"embeddable":true,"href":"https:\/\/www.europesays.com\/pt\/wp-json\/wp\/v2\/users\/2"}],"replies":[{"embeddable":true,"href":"https:\/\/www.europesays.com\/pt\/wp-json\/wp\/v2\/comments?post=168811"}],"version-history":[{"count":0,"href":"https:\/\/www.europesays.com\/pt\/wp-json\/wp\/v2\/posts\/168811\/revisions"}],"wp:featuredmedia":[{"embeddable":true,"href":"https:\/\/www.europesays.com\/pt\/wp-json\/wp\/v2\/media\/168812"}],"wp:attachment":[{"href":"https:\/\/www.europesays.com\/pt\/wp-json\/wp\/v2\/media?parent=168811"}],"wp:term":[{"taxonomy":"category","embeddable":true,"href":"https:\/\/www.europesays.com\/pt\/wp-json\/wp\/v2\/categories?post=168811"},{"taxonomy":"post_tag","embeddable":true,"href":"https:\/\/www.europesays.com\/pt\/wp-json\/wp\/v2\/tags?post=168811"}],"curies":[{"name":"wp","href":"https:\/\/api.w.org\/{rel}","templated":true}]}}