{"id":168825,"date":"2025-11-28T23:24:16","date_gmt":"2025-11-28T23:24:16","guid":{"rendered":"https:\/\/www.europesays.com\/pt\/168825\/"},"modified":"2025-11-28T23:24:16","modified_gmt":"2025-11-28T23:24:16","slug":"promessa-de-orban-hungria-vai-continuar-a-comprar-petroleo-e-gas-a-russia","status":"publish","type":"post","link":"https:\/\/www.europesays.com\/pt\/168825\/","title":{"rendered":"Promessa de Orb\u00e1n. Hungria vai continuar a comprar petr\u00f3leo e g\u00e1s \u00e0 R\u00fassia"},"content":{"rendered":"<p>&#13;<br \/>\nO chefe do governo h\u00fangaro\u00a0\u00e9 a principal voz na Europa cr\u00edtica das san\u00e7\u00f5es \u00e0 R\u00fassia e do apoio a Kiev. &#13;\n<\/p>\n<p>&#13;<br \/>\nNum novo desafio a Bruxelas, que procura atualmente formas de aceder aos fundos russos congelados, para auxiliar a Ucr\u00e2nia,\u00a0<b>Orb\u00e1n foi a Moscovo reunir-se com Vladimir Putin<\/b>, deixando a promessa de que a R\u00fassia se ir\u00e1 manter como o principal fornecedor de energia do pa\u00eds.&#13;\n<\/p>\n<p>          <img decoding=\"async\" itemprop=\"image\" class=\"img-fluid\"   src=\"https:\/\/www.europesays.com\/pt\/wp-content\/uploads\/2025\/11\/742dddf7188da9b6f2cd795d5854928a_N.jpg\"\/><\/p>\n<p>Garantias permitidas no in\u00edcio de novembro pelo presidente norte-americano, Donald Trump, <a href=\"https:\/\/www.rtp.pt\/noticias\/mundo\/donald-trump-admite-isentar-hungria-de-sancoes-sobre-petroleo-russo_n1696710\" target=\"_blank\" rel=\"nofollow noopener\">durante a visita de Orb\u00e1n a Washington<\/a>. Trump aceitou que a Hungria continue a comprar petr\u00f3leo russo, pelo menos enquanto Orb\u00e1n permanecer no poder. A Eslov\u00e1quia e a S\u00e9rvia dever\u00e3o igulamente beneficiar do fornecimento energ\u00e9tico de Moscovo.&#13;<\/p>\n<p>&#13;<br \/>\nViktor Orb\u00e1n assumiu-se ainda como intermedi\u00e1rio entre Washington e Moscovo quanto \u00e0 paz na Ucr\u00e2nia, novamente contra os objetivos da Uni\u00e3o Europeia, cada vez mais posta de parte no processo.&#13;\n<\/p>\n<p>&#13;<br \/>\n<b>O primeiro-ministro h\u00fangaro apoiou o plano de 28 pontos apresentado por Donald Trump para conseguir a paz na Ucr\u00e2nia<\/b>, apesar dos protestos europeus e ucranianos.\u00a0&#13;\n<\/p>\n<p>&#13;<br \/>\nOrb\u00e1n e a imprensa h\u00fangara que o apoia acusam Bruxelas de pretender continuar com o conflito. &#8220;A Europa decidiu ir para a guerra na Ucr\u00e3nia&#8221;, afirmou o chefe de governo da Hungria \u00e0 r\u00e1dio estatal na semana passada.&#13;\n<\/p>\n<p>&#13;<br \/>\n<b>O presidente russo deixou elogios ao que considera a posi\u00e7\u00e3o equilibrada de Orb\u00e1n em rela\u00e7\u00e3o \u00e0 guerra na Ucr\u00e2nia.\u00a0&#13;<br \/>\n<\/b>&#13;\n<\/p>\n<p>&#13;<br \/>\nVladimir Putin agradeceu particularmente a disponibilidade de Orb\u00e1n para acolher em Budapeste uma cimeira sobre a paz com o seu hom\u00f3logo americano.&#13;\n<\/p>\n<p>          <img decoding=\"async\" itemprop=\"image\" class=\"img-fluid\"   src=\"https:\/\/www.europesays.com\/pt\/wp-content\/uploads\/2025\/11\/60c0411809ac06d057980eb994ab9513_N.jpg\"\/><\/p>\n<p>&#13;<br \/>\nO l\u00edder do Kremlin mostrou-se aberto \u00e0 realiza\u00e7\u00e3o do encontro, avan\u00e7ado pela primeira vez num telefonema com Donald Trump a 15 de outubro, na v\u00e9spera de Volodymyr Zelensky ser recebido mais uma vez por Trump.&#13;\n<\/p>\n<p>A cimeira, inicialmente admitida &#8220;dentro de duas semanas&#8221;, ficou <a href=\"https:\/\/www.rtp.pt\/noticias\/mundo\/casa-branca-desmente-encontro-entre-trump-e-putin-num-futuro-imediato_n1692740\" target=\"_blank\" rel=\"nofollow noopener\">adiada indefinidamente<\/a>, ap\u00f3s Moscovo, dias depois do telefonema, ter rejeitado um cessar-fogo imediato.<\/p>\n","protected":false},"excerpt":{"rendered":"&#13; O chefe do governo h\u00fangaro\u00a0\u00e9 a principal voz na Europa cr\u00edtica das san\u00e7\u00f5es \u00e0 R\u00fassia e do&hellip;\n","protected":false},"author":2,"featured_media":168826,"comment_status":"","ping_status":"","sticky":false,"template":"","format":"standard","meta":{"footnotes":""},"categories":[50],"tags":[27,28,1835,15,16,14,1991,25,26,21,22,62,12,13,19,20,28467,23,24,17,18,840,29,30,31,1992,2415,63,64,65],"class_list":{"0":"post-168825","1":"post","2":"type-post","3":"status-publish","4":"format-standard","5":"has-post-thumbnail","7":"category-mundo","8":"tag-breaking-news","9":"tag-breakingnews","10":"tag-bruxelas","11":"tag-featured-news","12":"tag-featurednews","13":"tag-headlines","14":"tag-hungria","15":"tag-latest-news","16":"tag-latestnews","17":"tag-main-news","18":"tag-mainnews","19":"tag-mundo","20":"tag-news","21":"tag-noticias","22":"tag-noticias-principais","23":"tag-noticiasprincipais","24":"tag-petroleo-russo","25":"tag-principais-noticias","26":"tag-principaisnoticias","27":"tag-top-stories","28":"tag-topstories","29":"tag-ucrania","30":"tag-ultimas","31":"tag-ultimas-noticias","32":"tag-ultimasnoticias","33":"tag-viktor-orban","34":"tag-vladimir-putin","35":"tag-world","36":"tag-world-news","37":"tag-worldnews"},"share_on_mastodon":{"url":"https:\/\/pubeurope.com\/@pt\/115629907914712792","error":""},"_links":{"self":[{"href":"https:\/\/www.europesays.com\/pt\/wp-json\/wp\/v2\/posts\/168825","targetHints":{"allow":["GET"]}}],"collection":[{"href":"https:\/\/www.europesays.com\/pt\/wp-json\/wp\/v2\/posts"}],"about":[{"href":"https:\/\/www.europesays.com\/pt\/wp-json\/wp\/v2\/types\/post"}],"author":[{"embeddable":true,"href":"https:\/\/www.europesays.com\/pt\/wp-json\/wp\/v2\/users\/2"}],"replies":[{"embeddable":true,"href":"https:\/\/www.europesays.com\/pt\/wp-json\/wp\/v2\/comments?post=168825"}],"version-history":[{"count":0,"href":"https:\/\/www.europesays.com\/pt\/wp-json\/wp\/v2\/posts\/168825\/revisions"}],"wp:featuredmedia":[{"embeddable":true,"href":"https:\/\/www.europesays.com\/pt\/wp-json\/wp\/v2\/media\/168826"}],"wp:attachment":[{"href":"https:\/\/www.europesays.com\/pt\/wp-json\/wp\/v2\/media?parent=168825"}],"wp:term":[{"taxonomy":"category","embeddable":true,"href":"https:\/\/www.europesays.com\/pt\/wp-json\/wp\/v2\/categories?post=168825"},{"taxonomy":"post_tag","embeddable":true,"href":"https:\/\/www.europesays.com\/pt\/wp-json\/wp\/v2\/tags?post=168825"}],"curies":[{"name":"wp","href":"https:\/\/api.w.org\/{rel}","templated":true}]}}