{"id":168829,"date":"2025-11-28T23:27:44","date_gmt":"2025-11-28T23:27:44","guid":{"rendered":"https:\/\/www.europesays.com\/pt\/168829\/"},"modified":"2025-11-28T23:27:44","modified_gmt":"2025-11-28T23:27:44","slug":"roubo-de-relogio-de-154-mil-euros-leva-psp-a-casas-de-super-dragoes","status":"publish","type":"post","link":"https:\/\/www.europesays.com\/pt\/168829\/","title":{"rendered":"Roubo de rel\u00f3gio de 154 mil euros leva PSP a casas de Super Drag\u00f5es"},"content":{"rendered":"<p>Foi num encontro destinado a acertar um neg\u00f3cio mal resolvido, envolvendo ativos financeiros ainda em investiga\u00e7\u00e3o por suspeitas de burla, que uma d\u00fazia de elementos da claque Super Drag\u00f5es (SD) ter\u00e3o agredido e roubado duas v\u00edtimas, em setembro de 2023, no Alameda Shopping, junto ao Est\u00e1dio do Drag\u00e3o, no Porto. Levaram um rel\u00f3gio de luxo, avaliado em 154 mil euros, al\u00e9m de dinheiro, roupa e outros bens. No \u00e2mbito da investiga\u00e7\u00e3o por ofensas \u00e0 integridade f\u00edsica e roubou, a PSP realizou, esta quinta-feira, 12 buscas em casas dos suspeitos. Entre eles est\u00e1 Fernando Madureira, antigo l\u00edder dos SD, que est\u00e1 em pris\u00e3o preventiva por ordem da Opera\u00e7\u00e3o Pretoriano, al\u00e9m de V\u00edtor &#8220;Aleixo&#8221; pai, tamb\u00e9m condenado no mesmo processo.<\/p>\n<p>Corpo do artigo<\/p>\n<p data-remotead-prev-elm=\"true\" data-remotead-elm-id=\"inread\">De acordo com informa\u00e7\u00f5es recolhidas pelo JN, um dos elementos pr\u00f3ximo de &#8220;Macaco&#8221; ter\u00e1 proposto um investimento a uma das v\u00edtimas. O neg\u00f3cio correu mal e o lesado sentiu-se burlado e ambas as partes marcaram um encontro para resolver o caso.<\/p>\n<p>Acesso exclusivo a assinantes<\/p>\n<p>Acesso ilimitado a conte\u00fados exclusivos<\/p>\n<p>Navega\u00e7\u00e3o sem publicidade intrusiva<\/p>\n<p>Vers\u00e3o digital do jornal, suplementos e revistas<\/p>\n<p><strong class=\"article-regular-module-scss-module__7zvnmq__ArticleTopicsTitle\">T\u00f3picos:<\/strong><\/p>\n","protected":false},"excerpt":{"rendered":"Foi num encontro destinado a acertar um neg\u00f3cio mal resolvido, envolvendo ativos financeiros ainda em investiga\u00e7\u00e3o por suspeitas&hellip;\n","protected":false},"author":2,"featured_media":168830,"comment_status":"","ping_status":"","sticky":false,"template":"","format":"standard","meta":{"footnotes":""},"categories":[8],"tags":[23243,27,28,20558,15,16,4859,14,603,25,26,21,22,12,13,19,20,32,23,24,33,5941,3070,17,18,29,30,31],"class_list":{"0":"post-168829","1":"post","2":"type-post","3":"status-publish","4":"format-standard","5":"has-post-thumbnail","7":"category-principais-noticias","8":"tag-agressoes","9":"tag-breaking-news","10":"tag-breakingnews","11":"tag-f-c-porto","12":"tag-featured-news","13":"tag-featurednews","14":"tag-fernando-madureira","15":"tag-headlines","16":"tag-justica","17":"tag-latest-news","18":"tag-latestnews","19":"tag-main-news","20":"tag-mainnews","21":"tag-news","22":"tag-noticias","23":"tag-noticias-principais","24":"tag-noticiasprincipais","25":"tag-portugal","26":"tag-principais-noticias","27":"tag-principaisnoticias","28":"tag-pt","29":"tag-roubo","30":"tag-super-dragoes","31":"tag-top-stories","32":"tag-topstories","33":"tag-ultimas","34":"tag-ultimas-noticias","35":"tag-ultimasnoticias"},"share_on_mastodon":{"url":"https:\/\/pubeurope.com\/@pt\/115629919198219131","error":""},"_links":{"self":[{"href":"https:\/\/www.europesays.com\/pt\/wp-json\/wp\/v2\/posts\/168829","targetHints":{"allow":["GET"]}}],"collection":[{"href":"https:\/\/www.europesays.com\/pt\/wp-json\/wp\/v2\/posts"}],"about":[{"href":"https:\/\/www.europesays.com\/pt\/wp-json\/wp\/v2\/types\/post"}],"author":[{"embeddable":true,"href":"https:\/\/www.europesays.com\/pt\/wp-json\/wp\/v2\/users\/2"}],"replies":[{"embeddable":true,"href":"https:\/\/www.europesays.com\/pt\/wp-json\/wp\/v2\/comments?post=168829"}],"version-history":[{"count":0,"href":"https:\/\/www.europesays.com\/pt\/wp-json\/wp\/v2\/posts\/168829\/revisions"}],"wp:featuredmedia":[{"embeddable":true,"href":"https:\/\/www.europesays.com\/pt\/wp-json\/wp\/v2\/media\/168830"}],"wp:attachment":[{"href":"https:\/\/www.europesays.com\/pt\/wp-json\/wp\/v2\/media?parent=168829"}],"wp:term":[{"taxonomy":"category","embeddable":true,"href":"https:\/\/www.europesays.com\/pt\/wp-json\/wp\/v2\/categories?post=168829"},{"taxonomy":"post_tag","embeddable":true,"href":"https:\/\/www.europesays.com\/pt\/wp-json\/wp\/v2\/tags?post=168829"}],"curies":[{"name":"wp","href":"https:\/\/api.w.org\/{rel}","templated":true}]}}