{"id":168852,"date":"2025-11-28T23:55:07","date_gmt":"2025-11-28T23:55:07","guid":{"rendered":"https:\/\/www.europesays.com\/pt\/168852\/"},"modified":"2025-11-28T23:55:07","modified_gmt":"2025-11-28T23:55:07","slug":"estrangeiros-compram-bombos-para-viverem-a-noite-do-pinheiro","status":"publish","type":"post","link":"https:\/\/www.europesays.com\/pt\/168852\/","title":{"rendered":"Estrangeiros compram bombos para viverem a noite do Pinheiro"},"content":{"rendered":"<p data-remotead-prev-elm=\"true\" data-remotead-elm-id=\"inread\">Por estes dias, Z\u00e9 dos Bombos n\u00e3o tem tido m\u00e3os a medir com tanto trabalho para dar resposta a todos os que querem comprar caixas, bombos e baquetas e aos que querem afinar os instrumentos, para a noite de amanha, s\u00e1bado, se apresentarem no cortejo do Pinheiro &#8211; a abertura das Festas Nicolinas que se prolongam at\u00e9 7 de dezembro. O Pinheiro sai das Cancelas da Veiga (perto do Castelo de Guimar\u00e3es), pelas 23.30 horas e percorre as ruas da cidade, acompanhado pelos nicolinos (atuais e antigos estudantes) a rufar as suas caixas e tambores. H\u00e1 muito que esta celebra\u00e7\u00e3o deixou de ser apenas estudantil, para ser celebrada por toda a cidade. Esta noite, esperam-se milhares de pessoas nas ruas.<\/p>\n","protected":false},"excerpt":{"rendered":"Por estes dias, Z\u00e9 dos Bombos n\u00e3o tem tido m\u00e3os a medir com tanto trabalho para dar resposta&hellip;\n","protected":false},"author":2,"featured_media":168853,"comment_status":"","ping_status":"","sticky":false,"template":"","format":"standard","meta":{"footnotes":""},"categories":[10],"tags":[27,28,20262,15,16,14,25,26,21,22,12,1699,13,19,20,32,23,24,33,17,18,29,30,31,35431],"class_list":{"0":"post-168852","1":"post","2":"type-post","3":"status-publish","4":"format-standard","5":"has-post-thumbnail","7":"category-portugal","8":"tag-breaking-news","9":"tag-breakingnews","10":"tag-concelho-guimaraes","11":"tag-featured-news","12":"tag-featurednews","13":"tag-headlines","14":"tag-latest-news","15":"tag-latestnews","16":"tag-main-news","17":"tag-mainnews","18":"tag-news","19":"tag-nicolinas","20":"tag-noticias","21":"tag-noticias-principais","22":"tag-noticiasprincipais","23":"tag-portugal","24":"tag-principais-noticias","25":"tag-principaisnoticias","26":"tag-pt","27":"tag-top-stories","28":"tag-topstories","29":"tag-ultimas","30":"tag-ultimas-noticias","31":"tag-ultimasnoticias","32":"tag-ze-dos-bombos"},"share_on_mastodon":{"url":"https:\/\/pubeurope.com\/@pt\/115630029048325087","error":""},"_links":{"self":[{"href":"https:\/\/www.europesays.com\/pt\/wp-json\/wp\/v2\/posts\/168852","targetHints":{"allow":["GET"]}}],"collection":[{"href":"https:\/\/www.europesays.com\/pt\/wp-json\/wp\/v2\/posts"}],"about":[{"href":"https:\/\/www.europesays.com\/pt\/wp-json\/wp\/v2\/types\/post"}],"author":[{"embeddable":true,"href":"https:\/\/www.europesays.com\/pt\/wp-json\/wp\/v2\/users\/2"}],"replies":[{"embeddable":true,"href":"https:\/\/www.europesays.com\/pt\/wp-json\/wp\/v2\/comments?post=168852"}],"version-history":[{"count":0,"href":"https:\/\/www.europesays.com\/pt\/wp-json\/wp\/v2\/posts\/168852\/revisions"}],"wp:featuredmedia":[{"embeddable":true,"href":"https:\/\/www.europesays.com\/pt\/wp-json\/wp\/v2\/media\/168853"}],"wp:attachment":[{"href":"https:\/\/www.europesays.com\/pt\/wp-json\/wp\/v2\/media?parent=168852"}],"wp:term":[{"taxonomy":"category","embeddable":true,"href":"https:\/\/www.europesays.com\/pt\/wp-json\/wp\/v2\/categories?post=168852"},{"taxonomy":"post_tag","embeddable":true,"href":"https:\/\/www.europesays.com\/pt\/wp-json\/wp\/v2\/tags?post=168852"}],"curies":[{"name":"wp","href":"https:\/\/api.w.org\/{rel}","templated":true}]}}